{"id":10443,"date":"2024-06-09T12:53:59","date_gmt":"2024-06-09T10:53:59","guid":{"rendered":"https:\/\/przylep.edu.pl\/przedszkole\/?p=10443"},"modified":"2024-06-16T13:09:11","modified_gmt":"2024-06-16T11:09:11","slug":"wycieczka-zerowek-do-dluska","status":"publish","type":"post","link":"https:\/\/przylep.edu.pl\/przedszkole\/2024\/06\/09\/wycieczka-zerowek-do-dluska\/","title":{"rendered":"Wycieczka zer\u00f3wek do D\u0142uska"},"content":{"rendered":"\n<p>Dnia 7 czerwca grupa \u017c\u00f3\u0142ta i niebieska wybra\u0142y si\u0119 na wycieczk\u0119 do O\u015brodka Edukacji Przyrodniczej w D\u0142usku. Na terenie I\u0144skiego Parku Krajobrazowego dzieci uczestniczy\u0142y w grze terenowej \u201eIndia\u0144skie Plemiona\u201d. Grupy w\u0119drowa\u0142y wyznaczonymi szlakami, gdzie napotykali na stacj\u0119 z r\u00f3\u017cnymi zadaniami. Po zdobyciu wszystkich stacji \u201ePlemiona\u201d prezentowa\u0142y zdobyte osi\u0105gni\u0119cia. Wyjazd zako\u0144czy\u0142 si\u0119 ogniskiem. <\/p>\n\n\n\n<figure class=\"wp-block-gallery has-nested-images columns-default is-cropped wp-block-gallery-1 is-layout-flex wp-block-gallery-is-layout-flex\">\n<figure class=\"wp-block-image size-large\"><img loading=\"lazy\" decoding=\"async\" width=\"768\" height=\"1024\" data-id=\"10444\" src=\"https:\/\/przylep.edu.pl\/przedszkole\/wp-content\/uploads\/2024\/06\/pobierz-1-768x1024.jpg\" alt=\"\" class=\"wp-image-10444\" srcset=\"https:\/\/przylep.edu.pl\/przedszkole\/wp-content\/uploads\/2024\/06\/pobierz-1-768x1024.jpg 768w, https:\/\/przylep.edu.pl\/przedszkole\/wp-content\/uploads\/2024\/06\/pobierz-1-225x300.jpg 225w, https:\/\/przylep.edu.pl\/przedszkole\/wp-content\/uploads\/2024\/06\/pobierz-1-1152x1536.jpg 1152w, https:\/\/przylep.edu.pl\/przedszkole\/wp-content\/uploads\/2024\/06\/pobierz-1.jpg 1536w\" sizes=\"auto, (max-width: 768px) 100vw, 768px\" \/><\/figure>\n\n\n\n<figure class=\"wp-block-image size-large\"><img loading=\"lazy\" decoding=\"async\" width=\"768\" height=\"1024\" data-id=\"10445\" src=\"https:\/\/przylep.edu.pl\/przedszkole\/wp-content\/uploads\/2024\/06\/pobierz-2-768x1024.jpg\" alt=\"\" class=\"wp-image-10445\" srcset=\"https:\/\/przylep.edu.pl\/przedszkole\/wp-content\/uploads\/2024\/06\/pobierz-2-768x1024.jpg 768w, https:\/\/przylep.edu.pl\/przedszkole\/wp-content\/uploads\/2024\/06\/pobierz-2-225x300.jpg 225w, https:\/\/przylep.edu.pl\/przedszkole\/wp-content\/uploads\/2024\/06\/pobierz-2-1152x1536.jpg 1152w, https:\/\/przylep.edu.pl\/przedszkole\/wp-content\/uploads\/2024\/06\/pobierz-2.jpg 1530w\" sizes=\"auto, (max-width: 768px) 100vw, 768px\" \/><\/figure>\n<\/figure>\n\n\n\n<figure class=\"wp-block-image size-large\"><img loading=\"lazy\" decoding=\"async\" width=\"1024\" height=\"768\" src=\"https:\/\/przylep.edu.pl\/przedszkole\/wp-content\/uploads\/2024\/06\/pobierz-5-1024x768.jpg\" alt=\"\" class=\"wp-image-10446\" srcset=\"https:\/\/przylep.edu.pl\/przedszkole\/wp-content\/uploads\/2024\/06\/pobierz-5-1024x768.jpg 1024w, https:\/\/przylep.edu.pl\/przedszkole\/wp-content\/uploads\/2024\/06\/pobierz-5-300x225.jpg 300w, https:\/\/przylep.edu.pl\/przedszkole\/wp-content\/uploads\/2024\/06\/pobierz-5-768x576.jpg 768w, https:\/\/przylep.edu.pl\/przedszkole\/wp-content\/uploads\/2024\/06\/pobierz-5-1536x1152.jpg 1536w, https:\/\/przylep.edu.pl\/przedszkole\/wp-content\/uploads\/2024\/06\/pobierz-5-600x450.jpg 600w, https:\/\/przylep.edu.pl\/przedszkole\/wp-content\/uploads\/2024\/06\/pobierz-5.jpg 2048w\" sizes=\"auto, (max-width: 1024px) 100vw, 1024px\" \/><\/figure>\n\n\n\n<figure class=\"wp-block-image size-large\"><img loading=\"lazy\" decoding=\"async\" width=\"1024\" height=\"768\" src=\"https:\/\/przylep.edu.pl\/przedszkole\/wp-content\/uploads\/2024\/06\/pobierz-1024x768.jpg\" alt=\"\" class=\"wp-image-10447\" srcset=\"https:\/\/przylep.edu.pl\/przedszkole\/wp-content\/uploads\/2024\/06\/pobierz-1024x768.jpg 1024w, https:\/\/przylep.edu.pl\/przedszkole\/wp-content\/uploads\/2024\/06\/pobierz-300x225.jpg 300w, https:\/\/przylep.edu.pl\/przedszkole\/wp-content\/uploads\/2024\/06\/pobierz-768x576.jpg 768w, https:\/\/przylep.edu.pl\/przedszkole\/wp-content\/uploads\/2024\/06\/pobierz-1536x1152.jpg 1536w, https:\/\/przylep.edu.pl\/przedszkole\/wp-content\/uploads\/2024\/06\/pobierz-600x450.jpg 600w, https:\/\/przylep.edu.pl\/przedszkole\/wp-content\/uploads\/2024\/06\/pobierz.jpg 2048w\" sizes=\"auto, (max-width: 1024px) 100vw, 1024px\" \/><\/figure>\n\n\n\n<figure class=\"wp-block-gallery has-nested-images columns-default is-cropped wp-block-gallery-2 is-layout-flex wp-block-gallery-is-layout-flex\">\n<figure class=\"wp-block-image size-large\"><img loading=\"lazy\" decoding=\"async\" width=\"1024\" height=\"768\" data-id=\"10448\" src=\"https:\/\/przylep.edu.pl\/przedszkole\/wp-content\/uploads\/2024\/06\/pobierz-3-1024x768.jpg\" alt=\"\" class=\"wp-image-10448\" srcset=\"https:\/\/przylep.edu.pl\/przedszkole\/wp-content\/uploads\/2024\/06\/pobierz-3-1024x768.jpg 1024w, https:\/\/przylep.edu.pl\/przedszkole\/wp-content\/uploads\/2024\/06\/pobierz-3-300x225.jpg 300w, https:\/\/przylep.edu.pl\/przedszkole\/wp-content\/uploads\/2024\/06\/pobierz-3-768x576.jpg 768w, https:\/\/przylep.edu.pl\/przedszkole\/wp-content\/uploads\/2024\/06\/pobierz-3-1536x1152.jpg 1536w, https:\/\/przylep.edu.pl\/przedszkole\/wp-content\/uploads\/2024\/06\/pobierz-3-600x450.jpg 600w, https:\/\/przylep.edu.pl\/przedszkole\/wp-content\/uploads\/2024\/06\/pobierz-3.jpg 2040w\" sizes=\"auto, (max-width: 1024px) 100vw, 1024px\" \/><\/figure>\n\n\n\n<figure class=\"wp-block-image size-large\"><img loading=\"lazy\" decoding=\"async\" width=\"1024\" height=\"768\" data-id=\"10449\" src=\"https:\/\/przylep.edu.pl\/przedszkole\/wp-content\/uploads\/2024\/06\/pobierz-4-1024x768.jpg\" alt=\"\" class=\"wp-image-10449\" srcset=\"https:\/\/przylep.edu.pl\/przedszkole\/wp-content\/uploads\/2024\/06\/pobierz-4-1024x768.jpg 1024w, https:\/\/przylep.edu.pl\/przedszkole\/wp-content\/uploads\/2024\/06\/pobierz-4-300x225.jpg 300w, https:\/\/przylep.edu.pl\/przedszkole\/wp-content\/uploads\/2024\/06\/pobierz-4-768x576.jpg 768w, https:\/\/przylep.edu.pl\/przedszkole\/wp-content\/uploads\/2024\/06\/pobierz-4-1536x1152.jpg 1536w, https:\/\/przylep.edu.pl\/przedszkole\/wp-content\/uploads\/2024\/06\/pobierz-4-600x450.jpg 600w, https:\/\/przylep.edu.pl\/przedszkole\/wp-content\/uploads\/2024\/06\/pobierz-4.jpg 2040w\" sizes=\"auto, (max-width: 1024px) 100vw, 1024px\" \/><\/figure>\n<\/figure>\n\n\n\n<figure class=\"wp-block-image size-large\"><img loading=\"lazy\" decoding=\"async\" width=\"1024\" height=\"576\" src=\"https:\/\/przylep.edu.pl\/przedszkole\/wp-content\/uploads\/2024\/06\/pobierz-6-1024x576.jpg\" alt=\"\" class=\"wp-image-10450\" srcset=\"https:\/\/przylep.edu.pl\/przedszkole\/wp-content\/uploads\/2024\/06\/pobierz-6-1024x576.jpg 1024w, https:\/\/przylep.edu.pl\/przedszkole\/wp-content\/uploads\/2024\/06\/pobierz-6-300x169.jpg 300w, https:\/\/przylep.edu.pl\/przedszkole\/wp-content\/uploads\/2024\/06\/pobierz-6-768x432.jpg 768w, https:\/\/przylep.edu.pl\/przedszkole\/wp-content\/uploads\/2024\/06\/pobierz-6-1536x864.jpg 1536w, https:\/\/przylep.edu.pl\/przedszkole\/wp-content\/uploads\/2024\/06\/pobierz-6.jpg 2000w\" sizes=\"auto, (max-width: 1024px) 100vw, 1024px\" \/><\/figure>\n","protected":false},"excerpt":{"rendered":"<p>Dnia 7 czerwca grupa \u017c\u00f3\u0142ta i niebieska wybra\u0142y si\u0119 na wycieczk\u0119 do O\u015brodka Edukacji Przyrodniczej w D\u0142usku. Na terenie I\u0144skiego Parku Krajobrazowego dzieci uczestniczy\u0142y w grze terenowej \u201eIndia\u0144skie Plemiona\u201d. Grupy w\u0119drowa\u0142y wyznaczonymi szlakami, gdzie napotykali na stacj\u0119 z r\u00f3\u017cnymi zadaniami. Po zdobyciu wszystkich stacji \u201ePlemiona\u201d prezentowa\u0142y zdobyte osi\u0105gni\u0119cia. Wyjazd zako\u0144czy\u0142 si\u0119 ogniskiem.<\/p>\n","protected":false},"author":2,"featured_media":10451,"comment_status":"closed","ping_status":"open","sticky":false,"template":"","format":"standard","meta":{"footnotes":""},"categories":[45,41,40],"tags":[],"class_list":["post-10443","post","type-post","status-publish","format-standard","has-post-thumbnail","hentry","category-aktualnosci","category-galerie","category-strona-glowna"],"_links":{"self":[{"href":"https:\/\/przylep.edu.pl\/przedszkole\/wp-json\/wp\/v2\/posts\/10443","targetHints":{"allow":["GET"]}}],"collection":[{"href":"https:\/\/przylep.edu.pl\/przedszkole\/wp-json\/wp\/v2\/posts"}],"about":[{"href":"https:\/\/przylep.edu.pl\/przedszkole\/wp-json\/wp\/v2\/types\/post"}],"author":[{"embeddable":true,"href":"https:\/\/przylep.edu.pl\/przedszkole\/wp-json\/wp\/v2\/users\/2"}],"replies":[{"embeddable":true,"href":"https:\/\/przylep.edu.pl\/przedszkole\/wp-json\/wp\/v2\/comments?post=10443"}],"version-history":[{"count":1,"href":"https:\/\/przylep.edu.pl\/przedszkole\/wp-json\/wp\/v2\/posts\/10443\/revisions"}],"predecessor-version":[{"id":10452,"href":"https:\/\/przylep.edu.pl\/przedszkole\/wp-json\/wp\/v2\/posts\/10443\/revisions\/10452"}],"wp:featuredmedia":[{"embeddable":true,"href":"https:\/\/przylep.edu.pl\/przedszkole\/wp-json\/wp\/v2\/media\/10451"}],"wp:attachment":[{"href":"https:\/\/przylep.edu.pl\/przedszkole\/wp-json\/wp\/v2\/media?parent=10443"}],"wp:term":[{"taxonomy":"category","embeddable":true,"href":"https:\/\/przylep.edu.pl\/przedszkole\/wp-json\/wp\/v2\/categories?post=10443"},{"taxonomy":"post_tag","embeddable":true,"href":"https:\/\/przylep.edu.pl\/przedszkole\/wp-json\/wp\/v2\/tags?post=10443"}],"curies":[{"name":"wp","href":"https:\/\/api.w.org\/{rel}","templated":true}]}}