{"id":10440,"date":"2024-06-12T09:32:00","date_gmt":"2024-06-12T07:32:00","guid":{"rendered":"https:\/\/przylep.edu.pl\/przedszkole\/?p=10440"},"modified":"2024-06-14T09:37:03","modified_gmt":"2024-06-14T07:37:03","slug":"standardy-ochrony-maloletnich","status":"publish","type":"post","link":"https:\/\/przylep.edu.pl\/przedszkole\/2024\/06\/12\/standardy-ochrony-maloletnich\/","title":{"rendered":"Standardy Ochrony Ma\u0142oletnich"},"content":{"rendered":"\n<p>Szanowni Pa\u0144stwo, prosz\u0119 zapozna\u0107 si\u0119 z procedurami ochrony ma\u0142oletnich opracowanych dla naszej plac\u00f3wki. Jest to dokument, kt\u00f3ry b\u0119dzie ewaluowa\u0142, poniewa\u017c jeste\u015bmy plac\u00f3wk\u0105 rozwijaj\u0105c\u0105 si\u0119 <br>i rosn\u0105c\u0105 wraz z dzie\u0107mi. Ka\u017cdy z rodzic\u00f3w b\u0119dzie proszony przez wychowawc\u0119 o z\u0142o\u017cenie podpisu,<br> po zapoznaniu si\u0119 ze Standardami Ochrony Ma\u0142oletnich.<\/p>\n\n\n\n<div data-wp-interactive=\"core\/file\" class=\"wp-block-file\"><object data-wp-bind--hidden=\"!state.hasPdfPreview\" hidden class=\"wp-block-file__embed\" data=\"https:\/\/przylep.edu.pl\/przedszkole\/wp-content\/uploads\/2024\/06\/STANDARDY-OCHRONY-MALOLETNICH-PRZYLEP-2024.pdf\" type=\"application\/pdf\" style=\"width:100%;height:600px\" aria-label=\"Osadzone z STANDARDY-OCHRONY-MALOLETNICH-PRZYLEP-2024.\"><\/object><a id=\"wp-block-file--media-edbeeba5-642c-4bf6-ba90-15be53a29a08\" href=\"https:\/\/przylep.edu.pl\/przedszkole\/wp-content\/uploads\/2024\/06\/STANDARDY-OCHRONY-MALOLETNICH-PRZYLEP-2024.pdf\">STANDARDY-OCHRONY-MALOLETNICH-PRZYLEP-2024<\/a><a href=\"https:\/\/przylep.edu.pl\/przedszkole\/wp-content\/uploads\/2024\/06\/STANDARDY-OCHRONY-MALOLETNICH-PRZYLEP-2024.pdf\" class=\"wp-block-file__button wp-element-button\" download aria-describedby=\"wp-block-file--media-edbeeba5-642c-4bf6-ba90-15be53a29a08\">Pobierz<\/a><\/div>\n","protected":false},"excerpt":{"rendered":"<p>Szanowni Pa\u0144stwo, prosz\u0119 zapozna\u0107 si\u0119 z procedurami ochrony ma\u0142oletnich opracowanych dla naszej plac\u00f3wki. Jest to dokument, kt\u00f3ry b\u0119dzie ewaluowa\u0142, poniewa\u017c jeste\u015bmy plac\u00f3wk\u0105 rozwijaj\u0105c\u0105 si\u0119 i rosn\u0105c\u0105 wraz z dzie\u0107mi. Ka\u017cdy z rodzic\u00f3w b\u0119dzie proszony przez wychowawc\u0119 o z\u0142o\u017cenie podpisu, po zapoznaniu si\u0119 ze Standardami Ochrony Ma\u0142oletnich.<\/p>\n","protected":false},"author":1,"featured_media":0,"comment_status":"closed","ping_status":"open","sticky":false,"template":"","format":"standard","meta":{"footnotes":""},"categories":[45],"tags":[],"class_list":["post-10440","post","type-post","status-publish","format-standard","hentry","category-aktualnosci"],"_links":{"self":[{"href":"https:\/\/przylep.edu.pl\/przedszkole\/wp-json\/wp\/v2\/posts\/10440","targetHints":{"allow":["GET"]}}],"collection":[{"href":"https:\/\/przylep.edu.pl\/przedszkole\/wp-json\/wp\/v2\/posts"}],"about":[{"href":"https:\/\/przylep.edu.pl\/przedszkole\/wp-json\/wp\/v2\/types\/post"}],"author":[{"embeddable":true,"href":"https:\/\/przylep.edu.pl\/przedszkole\/wp-json\/wp\/v2\/users\/1"}],"replies":[{"embeddable":true,"href":"https:\/\/przylep.edu.pl\/przedszkole\/wp-json\/wp\/v2\/comments?post=10440"}],"version-history":[{"count":1,"href":"https:\/\/przylep.edu.pl\/przedszkole\/wp-json\/wp\/v2\/posts\/10440\/revisions"}],"predecessor-version":[{"id":10442,"href":"https:\/\/przylep.edu.pl\/przedszkole\/wp-json\/wp\/v2\/posts\/10440\/revisions\/10442"}],"wp:attachment":[{"href":"https:\/\/przylep.edu.pl\/przedszkole\/wp-json\/wp\/v2\/media?parent=10440"}],"wp:term":[{"taxonomy":"category","embeddable":true,"href":"https:\/\/przylep.edu.pl\/przedszkole\/wp-json\/wp\/v2\/categories?post=10440"},{"taxonomy":"post_tag","embeddable":true,"href":"https:\/\/przylep.edu.pl\/przedszkole\/wp-json\/wp\/v2\/tags?post=10440"}],"curies":[{"name":"wp","href":"https:\/\/api.w.org\/{rel}","templated":true}]}}