{"id":10433,"date":"2024-06-10T21:16:51","date_gmt":"2024-06-10T19:16:51","guid":{"rendered":"https:\/\/przylep.edu.pl\/przedszkole\/?p=10433"},"modified":"2024-06-12T12:18:51","modified_gmt":"2024-06-12T10:18:51","slug":"zebranie-dla-rodzicow","status":"publish","type":"post","link":"https:\/\/przylep.edu.pl\/przedszkole\/2024\/06\/10\/zebranie-dla-rodzicow\/","title":{"rendered":"Uwaga! Zebranie dla Rodzic\u00f3w, kt\u00f3rych dzieci rozpoczn\u0105 przygod\u0119 w naszej plac\u00f3wce."},"content":{"rendered":"\n<p><\/p>\n\n\n\n<p>We wtorek 18 czerwca 2024 roku o godzinie 17.00 w holu Zespo\u0142u Szkolno-Przedszkolnego w Przylepie odb\u0119dzie si\u0119 zebranie Rodzic\u00f3w dzieci przyj\u0119tych do przedszkola.<\/p>\n\n\n\n<p>W tym samym dniu o godzinie 18.00 zapraszam Rodzic\u00f3w dzieci, z obwodu naszej szko\u0142y, kt\u00f3re zosta\u0142y przyj\u0119te do klasy 1 i oddzia\u0142\u00f3w &#8222;0&#8221;.<\/p>\n\n\n\n<p class=\"has-text-align-right\">W imieniu zespo\u0142u <\/p>\n\n\n\n<p class=\"has-text-align-right\">dyrektor Iwona Wierzbicka<\/p>\n","protected":false},"excerpt":{"rendered":"<p>We wtorek 18 czerwca 2024 roku o godzinie 17.00 w holu Zespo\u0142u Szkolno-Przedszkolnego w Przylepie odb\u0119dzie si\u0119 zebranie Rodzic\u00f3w dzieci przyj\u0119tych do przedszkola. W tym samym dniu o godzinie 18.00 zapraszam Rodzic\u00f3w dzieci, z obwodu naszej szko\u0142y, kt\u00f3re zosta\u0142y przyj\u0119te do klasy 1 i oddzia\u0142\u00f3w &#8222;0&#8221;. W imieniu zespo\u0142u dyrektor Iwona Wierzbicka<\/p>\n","protected":false},"author":1,"featured_media":10434,"comment_status":"closed","ping_status":"open","sticky":false,"template":"","format":"standard","meta":{"footnotes":""},"categories":[45],"tags":[],"class_list":["post-10433","post","type-post","status-publish","format-standard","has-post-thumbnail","hentry","category-aktualnosci"],"_links":{"self":[{"href":"https:\/\/przylep.edu.pl\/przedszkole\/wp-json\/wp\/v2\/posts\/10433","targetHints":{"allow":["GET"]}}],"collection":[{"href":"https:\/\/przylep.edu.pl\/przedszkole\/wp-json\/wp\/v2\/posts"}],"about":[{"href":"https:\/\/przylep.edu.pl\/przedszkole\/wp-json\/wp\/v2\/types\/post"}],"author":[{"embeddable":true,"href":"https:\/\/przylep.edu.pl\/przedszkole\/wp-json\/wp\/v2\/users\/1"}],"replies":[{"embeddable":true,"href":"https:\/\/przylep.edu.pl\/przedszkole\/wp-json\/wp\/v2\/comments?post=10433"}],"version-history":[{"count":3,"href":"https:\/\/przylep.edu.pl\/przedszkole\/wp-json\/wp\/v2\/posts\/10433\/revisions"}],"predecessor-version":[{"id":10438,"href":"https:\/\/przylep.edu.pl\/przedszkole\/wp-json\/wp\/v2\/posts\/10433\/revisions\/10438"}],"wp:featuredmedia":[{"embeddable":true,"href":"https:\/\/przylep.edu.pl\/przedszkole\/wp-json\/wp\/v2\/media\/10434"}],"wp:attachment":[{"href":"https:\/\/przylep.edu.pl\/przedszkole\/wp-json\/wp\/v2\/media?parent=10433"}],"wp:term":[{"taxonomy":"category","embeddable":true,"href":"https:\/\/przylep.edu.pl\/przedszkole\/wp-json\/wp\/v2\/categories?post=10433"},{"taxonomy":"post_tag","embeddable":true,"href":"https:\/\/przylep.edu.pl\/przedszkole\/wp-json\/wp\/v2\/tags?post=10433"}],"curies":[{"name":"wp","href":"https:\/\/api.w.org\/{rel}","templated":true}]}}