{"id":10422,"date":"2024-05-10T18:48:19","date_gmt":"2024-05-10T16:48:19","guid":{"rendered":"https:\/\/przylep.edu.pl\/przedszkole\/?p=10422"},"modified":"2024-06-09T20:37:06","modified_gmt":"2024-06-09T18:37:06","slug":"warsztaty-maselko-palce-lizac-w-bedargowie","status":"publish","type":"post","link":"https:\/\/przylep.edu.pl\/przedszkole\/2024\/05\/10\/warsztaty-maselko-palce-lizac-w-bedargowie\/","title":{"rendered":"Warsztaty &#8222;Mase\u0142ko Palce Liza\u0107&#8221; w B\u0119dargowie"},"content":{"rendered":"\n<p>Grupa limonkowa po raz pierwszy pojecha\u0142a na wycieczk\u0119 autobusem podmiejskim. Celem wycieczki by\u0142a Agroturystyka &#8222;Leszczynowy Sad&#8221; w B\u0119dargowie, gdzie Nasze przedszkolaki mog\u0142y cofn\u0105\u0107 si\u0119 kilkadziesi\u0105t lat wstecz i na w\u0142asne oczy zobaczy\u0107 jak kiedy\u015b powstawa\u0142o mas\u0142o. Ka\u017cde z dzieci mog\u0142o w\u0142asnor\u0119cznie poubija\u0107 wiejsk\u0105 \u015bmietan\u0119 w drewnianej ma\u015bnicy. Po jakim\u015b czasie konsystencja \u015bmietany zacz\u0119\u0142a si\u0119 zmienia\u0107. Najpierw wygl\u0105da\u0142a jak bita \u015bmietana, a potem oddzieli\u0142 si\u0119 od niej p\u0142yn- tzw. ma\u015blanka i w ko\u0144cu pokaza\u0142o si\u0119 mas\u0142o. Wszyscy wyczekiwali efektu ko\u0144cowego, aby potem m\u00f3c smakowa\u0107 wiejskiego chlebka ze smacznym mas\u0142em. To by\u0142a sama przyjemno\u015b\u0107 odwiedzi\u0107 tak pi\u0119kne miejsce. <\/p>\n\n\n\n<figure class=\"wp-block-gallery has-nested-images columns-default is-cropped wp-block-gallery-1 is-layout-flex wp-block-gallery-is-layout-flex\">\n<figure class=\"wp-block-image size-large\"><img loading=\"lazy\" decoding=\"async\" width=\"765\" height=\"1024\" data-id=\"10424\" src=\"https:\/\/przylep.edu.pl\/przedszkole\/wp-content\/uploads\/2024\/06\/438164869_7548239551890994_7457427573554015961_n-765x1024.jpg\" alt=\"\" class=\"wp-image-10424\" srcset=\"https:\/\/przylep.edu.pl\/przedszkole\/wp-content\/uploads\/2024\/06\/438164869_7548239551890994_7457427573554015961_n-765x1024.jpg 765w, https:\/\/przylep.edu.pl\/przedszkole\/wp-content\/uploads\/2024\/06\/438164869_7548239551890994_7457427573554015961_n-224x300.jpg 224w, https:\/\/przylep.edu.pl\/przedszkole\/wp-content\/uploads\/2024\/06\/438164869_7548239551890994_7457427573554015961_n-768x1028.jpg 768w, https:\/\/przylep.edu.pl\/przedszkole\/wp-content\/uploads\/2024\/06\/438164869_7548239551890994_7457427573554015961_n.jpg 864w\" sizes=\"auto, (max-width: 765px) 100vw, 765px\" \/><\/figure>\n\n\n\n<figure class=\"wp-block-image size-large\"><img loading=\"lazy\" decoding=\"async\" width=\"765\" height=\"1024\" data-id=\"10423\" src=\"https:\/\/przylep.edu.pl\/przedszkole\/wp-content\/uploads\/2024\/06\/438164971_7548238828557733_806057828410833534_n-765x1024.jpg\" alt=\"\" class=\"wp-image-10423\" srcset=\"https:\/\/przylep.edu.pl\/przedszkole\/wp-content\/uploads\/2024\/06\/438164971_7548238828557733_806057828410833534_n-765x1024.jpg 765w, https:\/\/przylep.edu.pl\/przedszkole\/wp-content\/uploads\/2024\/06\/438164971_7548238828557733_806057828410833534_n-224x300.jpg 224w, https:\/\/przylep.edu.pl\/przedszkole\/wp-content\/uploads\/2024\/06\/438164971_7548238828557733_806057828410833534_n-768x1028.jpg 768w, https:\/\/przylep.edu.pl\/przedszkole\/wp-content\/uploads\/2024\/06\/438164971_7548238828557733_806057828410833534_n.jpg 864w\" sizes=\"auto, (max-width: 765px) 100vw, 765px\" \/><\/figure>\n<\/figure>\n\n\n\n<figure class=\"wp-block-gallery has-nested-images columns-default is-cropped wp-block-gallery-2 is-layout-flex wp-block-gallery-is-layout-flex\">\n<figure class=\"wp-block-image size-large\"><img loading=\"lazy\" decoding=\"async\" width=\"720\" height=\"960\" data-id=\"10426\" src=\"https:\/\/przylep.edu.pl\/przedszkole\/wp-content\/uploads\/2024\/06\/424624658_7548242285224054_5687039879566352773_n.jpg\" alt=\"\" class=\"wp-image-10426\" srcset=\"https:\/\/przylep.edu.pl\/przedszkole\/wp-content\/uploads\/2024\/06\/424624658_7548242285224054_5687039879566352773_n.jpg 720w, https:\/\/przylep.edu.pl\/przedszkole\/wp-content\/uploads\/2024\/06\/424624658_7548242285224054_5687039879566352773_n-225x300.jpg 225w\" sizes=\"auto, (max-width: 720px) 100vw, 720px\" \/><\/figure>\n\n\n\n<figure class=\"wp-block-image size-large\"><img loading=\"lazy\" decoding=\"async\" width=\"720\" height=\"960\" data-id=\"10425\" src=\"https:\/\/przylep.edu.pl\/przedszkole\/wp-content\/uploads\/2024\/06\/438169780_7548244341890515_4422670153835489722_n.jpg\" alt=\"\" class=\"wp-image-10425\" srcset=\"https:\/\/przylep.edu.pl\/przedszkole\/wp-content\/uploads\/2024\/06\/438169780_7548244341890515_4422670153835489722_n.jpg 720w, https:\/\/przylep.edu.pl\/przedszkole\/wp-content\/uploads\/2024\/06\/438169780_7548244341890515_4422670153835489722_n-225x300.jpg 225w\" sizes=\"auto, (max-width: 720px) 100vw, 720px\" \/><\/figure>\n<\/figure>\n\n\n\n<figure class=\"wp-block-gallery has-nested-images columns-default is-cropped wp-block-gallery-3 is-layout-flex wp-block-gallery-is-layout-flex\">\n<figure class=\"wp-block-image size-large\"><img loading=\"lazy\" decoding=\"async\" width=\"720\" height=\"960\" data-id=\"10427\" src=\"https:\/\/przylep.edu.pl\/przedszkole\/wp-content\/uploads\/2024\/06\/438173652_7548243921890557_5527262601274653817_n.jpg\" alt=\"\" class=\"wp-image-10427\" srcset=\"https:\/\/przylep.edu.pl\/przedszkole\/wp-content\/uploads\/2024\/06\/438173652_7548243921890557_5527262601274653817_n.jpg 720w, https:\/\/przylep.edu.pl\/przedszkole\/wp-content\/uploads\/2024\/06\/438173652_7548243921890557_5527262601274653817_n-225x300.jpg 225w\" sizes=\"auto, (max-width: 720px) 100vw, 720px\" \/><\/figure>\n\n\n\n<figure class=\"wp-block-image size-large\"><img loading=\"lazy\" decoding=\"async\" width=\"720\" height=\"960\" data-id=\"10428\" src=\"https:\/\/przylep.edu.pl\/przedszkole\/wp-content\/uploads\/2024\/06\/441074171_7548242575224025_4268834550986007619_n.jpg\" alt=\"\" class=\"wp-image-10428\" srcset=\"https:\/\/przylep.edu.pl\/przedszkole\/wp-content\/uploads\/2024\/06\/441074171_7548242575224025_4268834550986007619_n.jpg 720w, https:\/\/przylep.edu.pl\/przedszkole\/wp-content\/uploads\/2024\/06\/441074171_7548242575224025_4268834550986007619_n-225x300.jpg 225w\" sizes=\"auto, (max-width: 720px) 100vw, 720px\" \/><\/figure>\n<\/figure>\n\n\n\n<figure class=\"wp-block-image size-large\"><img loading=\"lazy\" decoding=\"async\" width=\"1024\" height=\"768\" src=\"https:\/\/przylep.edu.pl\/przedszkole\/wp-content\/uploads\/2024\/06\/441324254_7548321581882791_8677690741082117966_n-1024x768.jpg\" alt=\"\" class=\"wp-image-10429\" srcset=\"https:\/\/przylep.edu.pl\/przedszkole\/wp-content\/uploads\/2024\/06\/441324254_7548321581882791_8677690741082117966_n-1024x768.jpg 1024w, https:\/\/przylep.edu.pl\/przedszkole\/wp-content\/uploads\/2024\/06\/441324254_7548321581882791_8677690741082117966_n-300x225.jpg 300w, https:\/\/przylep.edu.pl\/przedszkole\/wp-content\/uploads\/2024\/06\/441324254_7548321581882791_8677690741082117966_n-768x576.jpg 768w, https:\/\/przylep.edu.pl\/przedszkole\/wp-content\/uploads\/2024\/06\/441324254_7548321581882791_8677690741082117966_n-1536x1152.jpg 1536w, https:\/\/przylep.edu.pl\/przedszkole\/wp-content\/uploads\/2024\/06\/441324254_7548321581882791_8677690741082117966_n-600x450.jpg 600w, https:\/\/przylep.edu.pl\/przedszkole\/wp-content\/uploads\/2024\/06\/441324254_7548321581882791_8677690741082117966_n.jpg 2048w\" sizes=\"auto, (max-width: 1024px) 100vw, 1024px\" \/><\/figure>\n","protected":false},"excerpt":{"rendered":"<p>Grupa limonkowa po raz pierwszy pojecha\u0142a na wycieczk\u0119 autobusem podmiejskim. Celem wycieczki by\u0142a Agroturystyka &#8222;Leszczynowy Sad&#8221; w B\u0119dargowie, gdzie Nasze przedszkolaki mog\u0142y cofn\u0105\u0107 si\u0119 kilkadziesi\u0105t lat wstecz i na w\u0142asne oczy zobaczy\u0107 jak kiedy\u015b powstawa\u0142o mas\u0142o. Ka\u017cde z dzieci mog\u0142o w\u0142asnor\u0119cznie poubija\u0107 wiejsk\u0105 \u015bmietan\u0119 w drewnianej ma\u015bnicy. Po jakim\u015b czasie konsystencja \u015bmietany zacz\u0119\u0142a si\u0119 zmienia\u0107. [&hellip;]<\/p>\n","protected":false},"author":2,"featured_media":10430,"comment_status":"closed","ping_status":"open","sticky":false,"template":"","format":"standard","meta":{"footnotes":""},"categories":[45,41,40],"tags":[],"class_list":["post-10422","post","type-post","status-publish","format-standard","has-post-thumbnail","hentry","category-aktualnosci","category-galerie","category-strona-glowna"],"_links":{"self":[{"href":"https:\/\/przylep.edu.pl\/przedszkole\/wp-json\/wp\/v2\/posts\/10422","targetHints":{"allow":["GET"]}}],"collection":[{"href":"https:\/\/przylep.edu.pl\/przedszkole\/wp-json\/wp\/v2\/posts"}],"about":[{"href":"https:\/\/przylep.edu.pl\/przedszkole\/wp-json\/wp\/v2\/types\/post"}],"author":[{"embeddable":true,"href":"https:\/\/przylep.edu.pl\/przedszkole\/wp-json\/wp\/v2\/users\/2"}],"replies":[{"embeddable":true,"href":"https:\/\/przylep.edu.pl\/przedszkole\/wp-json\/wp\/v2\/comments?post=10422"}],"version-history":[{"count":1,"href":"https:\/\/przylep.edu.pl\/przedszkole\/wp-json\/wp\/v2\/posts\/10422\/revisions"}],"predecessor-version":[{"id":10431,"href":"https:\/\/przylep.edu.pl\/przedszkole\/wp-json\/wp\/v2\/posts\/10422\/revisions\/10431"}],"wp:featuredmedia":[{"embeddable":true,"href":"https:\/\/przylep.edu.pl\/przedszkole\/wp-json\/wp\/v2\/media\/10430"}],"wp:attachment":[{"href":"https:\/\/przylep.edu.pl\/przedszkole\/wp-json\/wp\/v2\/media?parent=10422"}],"wp:term":[{"taxonomy":"category","embeddable":true,"href":"https:\/\/przylep.edu.pl\/przedszkole\/wp-json\/wp\/v2\/categories?post=10422"},{"taxonomy":"post_tag","embeddable":true,"href":"https:\/\/przylep.edu.pl\/przedszkole\/wp-json\/wp\/v2\/tags?post=10422"}],"curies":[{"name":"wp","href":"https:\/\/api.w.org\/{rel}","templated":true}]}}