{"id":10416,"date":"2024-06-09T18:24:54","date_gmt":"2024-06-09T16:24:54","guid":{"rendered":"https:\/\/przylep.edu.pl\/przedszkole\/?p=10416"},"modified":"2024-06-09T18:24:56","modified_gmt":"2024-06-09T16:24:56","slug":"dzien-dziecka-w-kinie","status":"publish","type":"post","link":"https:\/\/przylep.edu.pl\/przedszkole\/2024\/06\/09\/dzien-dziecka-w-kinie\/","title":{"rendered":"Dzie\u0144 dziecka w kinie"},"content":{"rendered":"\n<p>Z pewno\u015bci\u0105 ma\u0142o kto nie s\u0142ysza\u0142 o sympatycznym, rudym kocie, kt\u00f3ry dla kawa\u0142ka pysznej lasagnii zrobi\u0142by wszystko. Mowa oczywi\u015bcie o Garfieldzie, czyli bohaterze, kt\u00f3ry od lat podbija serca tak ma\u0142ych, jak i du\u017cych widz\u00f3w. Z okazji Dnia Dziecka r\u00f3wnie\u017c dzieci z grup pomara\u0144czowej oraz srebrnej mog\u0142y pozna\u0107 nowe przygody, leniwego, wiecznie g\u0142odnego kota. Przedszkolaki mia\u0142y bowiem mo\u017cliwo\u015b\u0107 zobaczy\u0107 najnowsz\u0105 produkcj\u0105 animowan\u0105 pt. \u201cGarfield\u201d na wielkim ekranie. Przed filmem dzieci otrzyma\u0142y zestaw, kt\u00f3ry sk\u0142ada\u0142 si\u0119 z soku, a tak\u017ce popornu lub nachos\u00f3w. W trakcie seansu nieraz mo\u017cna by\u0142o us\u0142ysze\u0107 wybuchy \u015bmiechu. Ogl\u0105daniu filmu towarzyszy\u0142o r\u00f3wnie\u017c skupienie, kiedy to dzieci z zapartym tchem \u015bledzi\u0142y przygody sympatycznego futrzaka. W drodze powrotnej do przedszkola dzieci d\u0142ugo wymienia\u0142y si\u0119 wra\u017ceniami z filmu, a kto wie\u2026 mo\u017ce, tak jak Garfield, same marzy\u0142y o porcji gor\u0105cej lasagnii? <img loading=\"lazy\" decoding=\"async\" height=\"16\" width=\"16\" src=\"https:\/\/static.xx.fbcdn.net\/images\/emoji.php\/v9\/td3\/1\/16\/1f924.png\" alt=\"\ud83e\udd24\"><\/p>\n\n\n\n<figure class=\"wp-block-gallery has-nested-images columns-default is-cropped wp-block-gallery-1 is-layout-flex wp-block-gallery-is-layout-flex\">\n<figure class=\"wp-block-image size-large\"><img loading=\"lazy\" decoding=\"async\" width=\"1024\" height=\"768\" data-id=\"10417\" src=\"https:\/\/przylep.edu.pl\/przedszkole\/wp-content\/uploads\/2024\/06\/57b1f88a-c64a-44e8-97aa-b1ae7d4e7b12-1024x768.jpg\" alt=\"\" class=\"wp-image-10417\" srcset=\"https:\/\/przylep.edu.pl\/przedszkole\/wp-content\/uploads\/2024\/06\/57b1f88a-c64a-44e8-97aa-b1ae7d4e7b12-1024x768.jpg 1024w, https:\/\/przylep.edu.pl\/przedszkole\/wp-content\/uploads\/2024\/06\/57b1f88a-c64a-44e8-97aa-b1ae7d4e7b12-300x225.jpg 300w, https:\/\/przylep.edu.pl\/przedszkole\/wp-content\/uploads\/2024\/06\/57b1f88a-c64a-44e8-97aa-b1ae7d4e7b12-768x576.jpg 768w, https:\/\/przylep.edu.pl\/przedszkole\/wp-content\/uploads\/2024\/06\/57b1f88a-c64a-44e8-97aa-b1ae7d4e7b12-1536x1152.jpg 1536w, https:\/\/przylep.edu.pl\/przedszkole\/wp-content\/uploads\/2024\/06\/57b1f88a-c64a-44e8-97aa-b1ae7d4e7b12-600x450.jpg 600w, https:\/\/przylep.edu.pl\/przedszkole\/wp-content\/uploads\/2024\/06\/57b1f88a-c64a-44e8-97aa-b1ae7d4e7b12.jpg 2048w\" sizes=\"auto, (max-width: 1024px) 100vw, 1024px\" \/><\/figure>\n<\/figure>\n\n\n\n<figure class=\"wp-block-gallery has-nested-images columns-default is-cropped wp-block-gallery-2 is-layout-flex wp-block-gallery-is-layout-flex\">\n<figure class=\"wp-block-image size-large\"><img loading=\"lazy\" decoding=\"async\" width=\"1024\" height=\"768\" data-id=\"10418\" src=\"https:\/\/przylep.edu.pl\/przedszkole\/wp-content\/uploads\/2024\/06\/5b012f66-fb3e-4eb1-bb31-2640e0c47cfe-1024x768.jpg\" alt=\"\" class=\"wp-image-10418\" srcset=\"https:\/\/przylep.edu.pl\/przedszkole\/wp-content\/uploads\/2024\/06\/5b012f66-fb3e-4eb1-bb31-2640e0c47cfe-1024x768.jpg 1024w, https:\/\/przylep.edu.pl\/przedszkole\/wp-content\/uploads\/2024\/06\/5b012f66-fb3e-4eb1-bb31-2640e0c47cfe-300x225.jpg 300w, https:\/\/przylep.edu.pl\/przedszkole\/wp-content\/uploads\/2024\/06\/5b012f66-fb3e-4eb1-bb31-2640e0c47cfe-768x576.jpg 768w, https:\/\/przylep.edu.pl\/przedszkole\/wp-content\/uploads\/2024\/06\/5b012f66-fb3e-4eb1-bb31-2640e0c47cfe-1536x1152.jpg 1536w, https:\/\/przylep.edu.pl\/przedszkole\/wp-content\/uploads\/2024\/06\/5b012f66-fb3e-4eb1-bb31-2640e0c47cfe-600x450.jpg 600w, https:\/\/przylep.edu.pl\/przedszkole\/wp-content\/uploads\/2024\/06\/5b012f66-fb3e-4eb1-bb31-2640e0c47cfe.jpg 2048w\" sizes=\"auto, (max-width: 1024px) 100vw, 1024px\" \/><\/figure>\n<\/figure>\n\n\n\n<figure class=\"wp-block-gallery has-nested-images columns-default is-cropped wp-block-gallery-3 is-layout-flex wp-block-gallery-is-layout-flex\">\n<figure class=\"wp-block-image size-large\"><img loading=\"lazy\" decoding=\"async\" width=\"1024\" height=\"768\" data-id=\"10419\" src=\"https:\/\/przylep.edu.pl\/przedszkole\/wp-content\/uploads\/2024\/06\/c39fe424-e1d3-45ea-9c0b-b2b5eba3a562-1024x768.jpg\" alt=\"\" class=\"wp-image-10419\" srcset=\"https:\/\/przylep.edu.pl\/przedszkole\/wp-content\/uploads\/2024\/06\/c39fe424-e1d3-45ea-9c0b-b2b5eba3a562-1024x768.jpg 1024w, https:\/\/przylep.edu.pl\/przedszkole\/wp-content\/uploads\/2024\/06\/c39fe424-e1d3-45ea-9c0b-b2b5eba3a562-300x225.jpg 300w, https:\/\/przylep.edu.pl\/przedszkole\/wp-content\/uploads\/2024\/06\/c39fe424-e1d3-45ea-9c0b-b2b5eba3a562-768x576.jpg 768w, https:\/\/przylep.edu.pl\/przedszkole\/wp-content\/uploads\/2024\/06\/c39fe424-e1d3-45ea-9c0b-b2b5eba3a562-1536x1152.jpg 1536w, https:\/\/przylep.edu.pl\/przedszkole\/wp-content\/uploads\/2024\/06\/c39fe424-e1d3-45ea-9c0b-b2b5eba3a562-600x450.jpg 600w, https:\/\/przylep.edu.pl\/przedszkole\/wp-content\/uploads\/2024\/06\/c39fe424-e1d3-45ea-9c0b-b2b5eba3a562.jpg 2048w\" sizes=\"auto, (max-width: 1024px) 100vw, 1024px\" \/><\/figure>\n<\/figure>\n","protected":false},"excerpt":{"rendered":"<p>Z pewno\u015bci\u0105 ma\u0142o kto nie s\u0142ysza\u0142 o sympatycznym, rudym kocie, kt\u00f3ry dla kawa\u0142ka pysznej lasagnii zrobi\u0142by wszystko. Mowa oczywi\u015bcie o Garfieldzie, czyli bohaterze, kt\u00f3ry od lat podbija serca tak ma\u0142ych, jak i du\u017cych widz\u00f3w. Z okazji Dnia Dziecka r\u00f3wnie\u017c dzieci z grup pomara\u0144czowej oraz srebrnej mog\u0142y pozna\u0107 nowe przygody, leniwego, wiecznie g\u0142odnego kota. Przedszkolaki mia\u0142y [&hellip;]<\/p>\n","protected":false},"author":2,"featured_media":10420,"comment_status":"closed","ping_status":"open","sticky":false,"template":"","format":"standard","meta":{"footnotes":""},"categories":[45,41,40],"tags":[],"class_list":["post-10416","post","type-post","status-publish","format-standard","has-post-thumbnail","hentry","category-aktualnosci","category-galerie","category-strona-glowna"],"_links":{"self":[{"href":"https:\/\/przylep.edu.pl\/przedszkole\/wp-json\/wp\/v2\/posts\/10416","targetHints":{"allow":["GET"]}}],"collection":[{"href":"https:\/\/przylep.edu.pl\/przedszkole\/wp-json\/wp\/v2\/posts"}],"about":[{"href":"https:\/\/przylep.edu.pl\/przedszkole\/wp-json\/wp\/v2\/types\/post"}],"author":[{"embeddable":true,"href":"https:\/\/przylep.edu.pl\/przedszkole\/wp-json\/wp\/v2\/users\/2"}],"replies":[{"embeddable":true,"href":"https:\/\/przylep.edu.pl\/przedszkole\/wp-json\/wp\/v2\/comments?post=10416"}],"version-history":[{"count":1,"href":"https:\/\/przylep.edu.pl\/przedszkole\/wp-json\/wp\/v2\/posts\/10416\/revisions"}],"predecessor-version":[{"id":10421,"href":"https:\/\/przylep.edu.pl\/przedszkole\/wp-json\/wp\/v2\/posts\/10416\/revisions\/10421"}],"wp:featuredmedia":[{"embeddable":true,"href":"https:\/\/przylep.edu.pl\/przedszkole\/wp-json\/wp\/v2\/media\/10420"}],"wp:attachment":[{"href":"https:\/\/przylep.edu.pl\/przedszkole\/wp-json\/wp\/v2\/media?parent=10416"}],"wp:term":[{"taxonomy":"category","embeddable":true,"href":"https:\/\/przylep.edu.pl\/przedszkole\/wp-json\/wp\/v2\/categories?post=10416"},{"taxonomy":"post_tag","embeddable":true,"href":"https:\/\/przylep.edu.pl\/przedszkole\/wp-json\/wp\/v2\/tags?post=10416"}],"curies":[{"name":"wp","href":"https:\/\/api.w.org\/{rel}","templated":true}]}}