{"id":10409,"date":"2024-05-29T18:12:20","date_gmt":"2024-05-29T16:12:20","guid":{"rendered":"https:\/\/przylep.edu.pl\/przedszkole\/?p=10409"},"modified":"2024-06-09T18:16:38","modified_gmt":"2024-06-09T16:16:38","slug":"dzien-dziecka-w-grupie-niebieskiej-2","status":"publish","type":"post","link":"https:\/\/przylep.edu.pl\/przedszkole\/2024\/05\/29\/dzien-dziecka-w-grupie-niebieskiej-2\/","title":{"rendered":"Dzie\u0144 dziecka w grupie niebieskiej"},"content":{"rendered":"\n<p>29 maja w grupa niebieska obchodzi\u0142a Dzie\u0144 Dziecka. Z tej okazji Panie Nauczycielki wraz z rodzicami urz\u0105dzi\u0142y piknik niespodziank\u0119.Byly zabawy z pi\u0142k\u0105, wy\u015bcigi i ta\u0144ce z balonem oraz przepyszny pocz\u0119stunek przygotowany przez rodzic\u00f3w a na koniec drobny upominek dla ka\u017cdego dziecka. To by\u0142 bardzo mi\u0142y i szcz\u0119\u015bliwy dzie\u0144, bo &#8222;gdy \u015bmieje si\u0119 dziecko, \u015bmieje si\u0119 ca\u0142y \u015bwiat&#8221;.<\/p>\n\n\n\n<figure class=\"wp-block-gallery has-nested-images columns-default is-cropped wp-block-gallery-1 is-layout-flex wp-block-gallery-is-layout-flex\">\n<figure class=\"wp-block-image size-large\"><img loading=\"lazy\" decoding=\"async\" width=\"1024\" height=\"766\" data-id=\"10410\" src=\"https:\/\/przylep.edu.pl\/przedszkole\/wp-content\/uploads\/2024\/06\/394bd8e2-0f39-43a1-a1ff-c75d9e3354d7-1024x766.jpg\" alt=\"\" class=\"wp-image-10410\" srcset=\"https:\/\/przylep.edu.pl\/przedszkole\/wp-content\/uploads\/2024\/06\/394bd8e2-0f39-43a1-a1ff-c75d9e3354d7-1024x766.jpg 1024w, https:\/\/przylep.edu.pl\/przedszkole\/wp-content\/uploads\/2024\/06\/394bd8e2-0f39-43a1-a1ff-c75d9e3354d7-300x224.jpg 300w, https:\/\/przylep.edu.pl\/przedszkole\/wp-content\/uploads\/2024\/06\/394bd8e2-0f39-43a1-a1ff-c75d9e3354d7-768x574.jpg 768w, https:\/\/przylep.edu.pl\/przedszkole\/wp-content\/uploads\/2024\/06\/394bd8e2-0f39-43a1-a1ff-c75d9e3354d7-1536x1149.jpg 1536w, https:\/\/przylep.edu.pl\/przedszkole\/wp-content\/uploads\/2024\/06\/394bd8e2-0f39-43a1-a1ff-c75d9e3354d7-600x450.jpg 600w, https:\/\/przylep.edu.pl\/przedszkole\/wp-content\/uploads\/2024\/06\/394bd8e2-0f39-43a1-a1ff-c75d9e3354d7.jpg 2000w\" sizes=\"auto, (max-width: 1024px) 100vw, 1024px\" \/><\/figure>\n<\/figure>\n\n\n\n<figure class=\"wp-block-gallery has-nested-images columns-default is-cropped wp-block-gallery-2 is-layout-flex wp-block-gallery-is-layout-flex\">\n<figure class=\"wp-block-image size-large\"><img loading=\"lazy\" decoding=\"async\" width=\"1024\" height=\"766\" data-id=\"10411\" src=\"https:\/\/przylep.edu.pl\/przedszkole\/wp-content\/uploads\/2024\/06\/327a0558-d55f-4abe-9d85-fc35a2946a4e-1024x766.jpg\" alt=\"\" class=\"wp-image-10411\" srcset=\"https:\/\/przylep.edu.pl\/przedszkole\/wp-content\/uploads\/2024\/06\/327a0558-d55f-4abe-9d85-fc35a2946a4e-1024x766.jpg 1024w, https:\/\/przylep.edu.pl\/przedszkole\/wp-content\/uploads\/2024\/06\/327a0558-d55f-4abe-9d85-fc35a2946a4e-300x224.jpg 300w, https:\/\/przylep.edu.pl\/przedszkole\/wp-content\/uploads\/2024\/06\/327a0558-d55f-4abe-9d85-fc35a2946a4e-768x574.jpg 768w, https:\/\/przylep.edu.pl\/przedszkole\/wp-content\/uploads\/2024\/06\/327a0558-d55f-4abe-9d85-fc35a2946a4e-1536x1149.jpg 1536w, https:\/\/przylep.edu.pl\/przedszkole\/wp-content\/uploads\/2024\/06\/327a0558-d55f-4abe-9d85-fc35a2946a4e-600x450.jpg 600w, https:\/\/przylep.edu.pl\/przedszkole\/wp-content\/uploads\/2024\/06\/327a0558-d55f-4abe-9d85-fc35a2946a4e.jpg 2000w\" sizes=\"auto, (max-width: 1024px) 100vw, 1024px\" \/><\/figure>\n<\/figure>\n\n\n\n<figure class=\"wp-block-gallery has-nested-images columns-default is-cropped wp-block-gallery-3 is-layout-flex wp-block-gallery-is-layout-flex\">\n<figure class=\"wp-block-image size-large\"><img loading=\"lazy\" decoding=\"async\" width=\"1024\" height=\"766\" data-id=\"10413\" src=\"https:\/\/przylep.edu.pl\/przedszkole\/wp-content\/uploads\/2024\/06\/cddde8ae-34ea-41db-bc8f-f0aea078f919-1024x766.jpg\" alt=\"\" class=\"wp-image-10413\" srcset=\"https:\/\/przylep.edu.pl\/przedszkole\/wp-content\/uploads\/2024\/06\/cddde8ae-34ea-41db-bc8f-f0aea078f919-1024x766.jpg 1024w, https:\/\/przylep.edu.pl\/przedszkole\/wp-content\/uploads\/2024\/06\/cddde8ae-34ea-41db-bc8f-f0aea078f919-300x224.jpg 300w, https:\/\/przylep.edu.pl\/przedszkole\/wp-content\/uploads\/2024\/06\/cddde8ae-34ea-41db-bc8f-f0aea078f919-768x574.jpg 768w, https:\/\/przylep.edu.pl\/przedszkole\/wp-content\/uploads\/2024\/06\/cddde8ae-34ea-41db-bc8f-f0aea078f919-1536x1149.jpg 1536w, https:\/\/przylep.edu.pl\/przedszkole\/wp-content\/uploads\/2024\/06\/cddde8ae-34ea-41db-bc8f-f0aea078f919-600x450.jpg 600w, https:\/\/przylep.edu.pl\/przedszkole\/wp-content\/uploads\/2024\/06\/cddde8ae-34ea-41db-bc8f-f0aea078f919.jpg 2000w\" sizes=\"auto, (max-width: 1024px) 100vw, 1024px\" \/><\/figure>\n\n\n\n<figure class=\"wp-block-image size-large\"><img loading=\"lazy\" decoding=\"async\" width=\"1024\" height=\"766\" data-id=\"10412\" src=\"https:\/\/przylep.edu.pl\/przedszkole\/wp-content\/uploads\/2024\/06\/f7deb1e2-198f-423c-9da1-838ed82b41e7-1024x766.jpg\" alt=\"\" class=\"wp-image-10412\" srcset=\"https:\/\/przylep.edu.pl\/przedszkole\/wp-content\/uploads\/2024\/06\/f7deb1e2-198f-423c-9da1-838ed82b41e7-1024x766.jpg 1024w, https:\/\/przylep.edu.pl\/przedszkole\/wp-content\/uploads\/2024\/06\/f7deb1e2-198f-423c-9da1-838ed82b41e7-300x224.jpg 300w, https:\/\/przylep.edu.pl\/przedszkole\/wp-content\/uploads\/2024\/06\/f7deb1e2-198f-423c-9da1-838ed82b41e7-768x574.jpg 768w, https:\/\/przylep.edu.pl\/przedszkole\/wp-content\/uploads\/2024\/06\/f7deb1e2-198f-423c-9da1-838ed82b41e7-1536x1149.jpg 1536w, https:\/\/przylep.edu.pl\/przedszkole\/wp-content\/uploads\/2024\/06\/f7deb1e2-198f-423c-9da1-838ed82b41e7-600x450.jpg 600w, https:\/\/przylep.edu.pl\/przedszkole\/wp-content\/uploads\/2024\/06\/f7deb1e2-198f-423c-9da1-838ed82b41e7.jpg 2000w\" sizes=\"auto, (max-width: 1024px) 100vw, 1024px\" \/><\/figure>\n<\/figure>\n","protected":false},"excerpt":{"rendered":"<p>29 maja w grupa niebieska obchodzi\u0142a Dzie\u0144 Dziecka. Z tej okazji Panie Nauczycielki wraz z rodzicami urz\u0105dzi\u0142y piknik niespodziank\u0119.Byly zabawy z pi\u0142k\u0105, wy\u015bcigi i ta\u0144ce z balonem oraz przepyszny pocz\u0119stunek przygotowany przez rodzic\u00f3w a na koniec drobny upominek dla ka\u017cdego dziecka. To by\u0142 bardzo mi\u0142y i szcz\u0119\u015bliwy dzie\u0144, bo &#8222;gdy \u015bmieje si\u0119 dziecko, \u015bmieje si\u0119 [&hellip;]<\/p>\n","protected":false},"author":2,"featured_media":10414,"comment_status":"closed","ping_status":"open","sticky":false,"template":"","format":"standard","meta":{"footnotes":""},"categories":[45,41,40],"tags":[],"class_list":["post-10409","post","type-post","status-publish","format-standard","has-post-thumbnail","hentry","category-aktualnosci","category-galerie","category-strona-glowna"],"_links":{"self":[{"href":"https:\/\/przylep.edu.pl\/przedszkole\/wp-json\/wp\/v2\/posts\/10409","targetHints":{"allow":["GET"]}}],"collection":[{"href":"https:\/\/przylep.edu.pl\/przedszkole\/wp-json\/wp\/v2\/posts"}],"about":[{"href":"https:\/\/przylep.edu.pl\/przedszkole\/wp-json\/wp\/v2\/types\/post"}],"author":[{"embeddable":true,"href":"https:\/\/przylep.edu.pl\/przedszkole\/wp-json\/wp\/v2\/users\/2"}],"replies":[{"embeddable":true,"href":"https:\/\/przylep.edu.pl\/przedszkole\/wp-json\/wp\/v2\/comments?post=10409"}],"version-history":[{"count":1,"href":"https:\/\/przylep.edu.pl\/przedszkole\/wp-json\/wp\/v2\/posts\/10409\/revisions"}],"predecessor-version":[{"id":10415,"href":"https:\/\/przylep.edu.pl\/przedszkole\/wp-json\/wp\/v2\/posts\/10409\/revisions\/10415"}],"wp:featuredmedia":[{"embeddable":true,"href":"https:\/\/przylep.edu.pl\/przedszkole\/wp-json\/wp\/v2\/media\/10414"}],"wp:attachment":[{"href":"https:\/\/przylep.edu.pl\/przedszkole\/wp-json\/wp\/v2\/media?parent=10409"}],"wp:term":[{"taxonomy":"category","embeddable":true,"href":"https:\/\/przylep.edu.pl\/przedszkole\/wp-json\/wp\/v2\/categories?post=10409"},{"taxonomy":"post_tag","embeddable":true,"href":"https:\/\/przylep.edu.pl\/przedszkole\/wp-json\/wp\/v2\/tags?post=10409"}],"curies":[{"name":"wp","href":"https:\/\/api.w.org\/{rel}","templated":true}]}}