{"id":10400,"date":"2024-06-09T18:11:33","date_gmt":"2024-06-09T16:11:33","guid":{"rendered":"https:\/\/przylep.edu.pl\/przedszkole\/?p=10400"},"modified":"2024-06-09T18:11:35","modified_gmt":"2024-06-09T16:11:35","slug":"joga-i-zabawy-zuchowe-w-grupie-niebieskiej","status":"publish","type":"post","link":"https:\/\/przylep.edu.pl\/przedszkole\/2024\/06\/09\/joga-i-zabawy-zuchowe-w-grupie-niebieskiej\/","title":{"rendered":"Joga i zabawy zuchowe w grupie niebieskiej"},"content":{"rendered":"\n<p> W roku szkolnym 2023\/2024 grupa niebieska pod okiem p. Moniki realizowa\u0142a innowacje pedagogiczn\u0105 &#8221; Uwa\u017cny zuch &#8211; elementy jogi i zabaw zuchowych w edukacji przedszkolnej&#8221; . Proponowana innowacja mia\u0142a na celu zaopatrzy\u0107 dzieci w umiej\u0119tno\u015bci niezb\u0119dne na dalszym etapie nauki, takie jak: rozwijanie zdolno\u015bci koncentracji, narz\u0119dzia roz\u0142adowywania napi\u0119cia emocjonalnego. Dodatkowo realizacja zada\u0144 wzmocni\u0142a wydolno\u015b\u0107 fizyczn\u0105 dzieci, wyposa\u017cy\u0142a je w umiej\u0119tno\u015bci regulacji oddechu oraz przybli\u017cy\u0142a \u015bwiat harcerskich warto\u015bci. Wychowankowie aktywnie uczestniczyli w zaj\u0119ciach, z zapa\u0142em wi\u0105zali w\u0119z\u0142y harcerskie i wykonywali asany jogowe. Cz\u0119\u015b\u0107 wychowank\u00f3w zdobyte umiej\u0119tno\u015bci przenios\u0142a na grunt domowy i \u0107wiczy wsp\u00f3lnie z rodzicami do czego wszystkich zach\u0119camy, bo ruch to zdrowie.<\/p>\n\n\n\n<figure class=\"wp-block-gallery has-nested-images columns-default is-cropped wp-block-gallery-1 is-layout-flex wp-block-gallery-is-layout-flex\">\n<figure class=\"wp-block-image size-large\"><img loading=\"lazy\" decoding=\"async\" width=\"1024\" height=\"766\" data-id=\"10402\" src=\"https:\/\/przylep.edu.pl\/przedszkole\/wp-content\/uploads\/2024\/06\/5e3e8bfa-2082-4db2-93b7-7a05eb878418-1024x766.jpg\" alt=\"\" class=\"wp-image-10402\" srcset=\"https:\/\/przylep.edu.pl\/przedszkole\/wp-content\/uploads\/2024\/06\/5e3e8bfa-2082-4db2-93b7-7a05eb878418-1024x766.jpg 1024w, https:\/\/przylep.edu.pl\/przedszkole\/wp-content\/uploads\/2024\/06\/5e3e8bfa-2082-4db2-93b7-7a05eb878418-300x224.jpg 300w, https:\/\/przylep.edu.pl\/przedszkole\/wp-content\/uploads\/2024\/06\/5e3e8bfa-2082-4db2-93b7-7a05eb878418-768x574.jpg 768w, https:\/\/przylep.edu.pl\/przedszkole\/wp-content\/uploads\/2024\/06\/5e3e8bfa-2082-4db2-93b7-7a05eb878418-1536x1149.jpg 1536w, https:\/\/przylep.edu.pl\/przedszkole\/wp-content\/uploads\/2024\/06\/5e3e8bfa-2082-4db2-93b7-7a05eb878418-600x450.jpg 600w, https:\/\/przylep.edu.pl\/przedszkole\/wp-content\/uploads\/2024\/06\/5e3e8bfa-2082-4db2-93b7-7a05eb878418.jpg 2000w\" sizes=\"auto, (max-width: 1024px) 100vw, 1024px\" \/><\/figure>\n\n\n\n<figure class=\"wp-block-image size-large\"><img loading=\"lazy\" decoding=\"async\" width=\"1024\" height=\"766\" data-id=\"10401\" src=\"https:\/\/przylep.edu.pl\/przedszkole\/wp-content\/uploads\/2024\/06\/6d56ecb8-8d8c-4462-9ada-c6af0e04ceee-1024x766.jpg\" alt=\"\" class=\"wp-image-10401\" srcset=\"https:\/\/przylep.edu.pl\/przedszkole\/wp-content\/uploads\/2024\/06\/6d56ecb8-8d8c-4462-9ada-c6af0e04ceee-1024x766.jpg 1024w, https:\/\/przylep.edu.pl\/przedszkole\/wp-content\/uploads\/2024\/06\/6d56ecb8-8d8c-4462-9ada-c6af0e04ceee-300x224.jpg 300w, https:\/\/przylep.edu.pl\/przedszkole\/wp-content\/uploads\/2024\/06\/6d56ecb8-8d8c-4462-9ada-c6af0e04ceee-768x574.jpg 768w, https:\/\/przylep.edu.pl\/przedszkole\/wp-content\/uploads\/2024\/06\/6d56ecb8-8d8c-4462-9ada-c6af0e04ceee-1536x1149.jpg 1536w, https:\/\/przylep.edu.pl\/przedszkole\/wp-content\/uploads\/2024\/06\/6d56ecb8-8d8c-4462-9ada-c6af0e04ceee-600x450.jpg 600w, https:\/\/przylep.edu.pl\/przedszkole\/wp-content\/uploads\/2024\/06\/6d56ecb8-8d8c-4462-9ada-c6af0e04ceee.jpg 2000w\" sizes=\"auto, (max-width: 1024px) 100vw, 1024px\" \/><\/figure>\n<\/figure>\n\n\n\n<figure class=\"wp-block-gallery has-nested-images columns-default is-cropped wp-block-gallery-2 is-layout-flex wp-block-gallery-is-layout-flex\">\n<figure class=\"wp-block-image size-large\"><img loading=\"lazy\" decoding=\"async\" width=\"1024\" height=\"766\" data-id=\"10403\" src=\"https:\/\/przylep.edu.pl\/przedszkole\/wp-content\/uploads\/2024\/06\/90213b16-504e-48d6-bf44-9739e494ca73-1024x766.jpg\" alt=\"\" class=\"wp-image-10403\" srcset=\"https:\/\/przylep.edu.pl\/przedszkole\/wp-content\/uploads\/2024\/06\/90213b16-504e-48d6-bf44-9739e494ca73-1024x766.jpg 1024w, https:\/\/przylep.edu.pl\/przedszkole\/wp-content\/uploads\/2024\/06\/90213b16-504e-48d6-bf44-9739e494ca73-300x224.jpg 300w, https:\/\/przylep.edu.pl\/przedszkole\/wp-content\/uploads\/2024\/06\/90213b16-504e-48d6-bf44-9739e494ca73-768x574.jpg 768w, https:\/\/przylep.edu.pl\/przedszkole\/wp-content\/uploads\/2024\/06\/90213b16-504e-48d6-bf44-9739e494ca73-1536x1149.jpg 1536w, https:\/\/przylep.edu.pl\/przedszkole\/wp-content\/uploads\/2024\/06\/90213b16-504e-48d6-bf44-9739e494ca73-600x450.jpg 600w, https:\/\/przylep.edu.pl\/przedszkole\/wp-content\/uploads\/2024\/06\/90213b16-504e-48d6-bf44-9739e494ca73.jpg 2000w\" sizes=\"auto, (max-width: 1024px) 100vw, 1024px\" \/><\/figure>\n<\/figure>\n\n\n\n<figure class=\"wp-block-gallery has-nested-images columns-default is-cropped wp-block-gallery-3 is-layout-flex wp-block-gallery-is-layout-flex\">\n<figure class=\"wp-block-image size-large\"><img loading=\"lazy\" decoding=\"async\" width=\"1024\" height=\"766\" data-id=\"10404\" src=\"https:\/\/przylep.edu.pl\/przedszkole\/wp-content\/uploads\/2024\/06\/cb925483-9464-4a88-b751-0a86c5907632-1024x766.jpg\" alt=\"\" class=\"wp-image-10404\" srcset=\"https:\/\/przylep.edu.pl\/przedszkole\/wp-content\/uploads\/2024\/06\/cb925483-9464-4a88-b751-0a86c5907632-1024x766.jpg 1024w, https:\/\/przylep.edu.pl\/przedszkole\/wp-content\/uploads\/2024\/06\/cb925483-9464-4a88-b751-0a86c5907632-300x224.jpg 300w, https:\/\/przylep.edu.pl\/przedszkole\/wp-content\/uploads\/2024\/06\/cb925483-9464-4a88-b751-0a86c5907632-768x574.jpg 768w, https:\/\/przylep.edu.pl\/przedszkole\/wp-content\/uploads\/2024\/06\/cb925483-9464-4a88-b751-0a86c5907632-1536x1149.jpg 1536w, https:\/\/przylep.edu.pl\/przedszkole\/wp-content\/uploads\/2024\/06\/cb925483-9464-4a88-b751-0a86c5907632-600x450.jpg 600w, https:\/\/przylep.edu.pl\/przedszkole\/wp-content\/uploads\/2024\/06\/cb925483-9464-4a88-b751-0a86c5907632.jpg 2000w\" sizes=\"auto, (max-width: 1024px) 100vw, 1024px\" \/><\/figure>\n<\/figure>\n\n\n\n<figure class=\"wp-block-gallery has-nested-images columns-default is-cropped wp-block-gallery-4 is-layout-flex wp-block-gallery-is-layout-flex\">\n<figure class=\"wp-block-image size-large\"><img loading=\"lazy\" decoding=\"async\" width=\"1024\" height=\"766\" data-id=\"10406\" src=\"https:\/\/przylep.edu.pl\/przedszkole\/wp-content\/uploads\/2024\/06\/d3835238-c4dd-4580-a9b3-fa23e1253057-1024x766.jpg\" alt=\"\" class=\"wp-image-10406\" srcset=\"https:\/\/przylep.edu.pl\/przedszkole\/wp-content\/uploads\/2024\/06\/d3835238-c4dd-4580-a9b3-fa23e1253057-1024x766.jpg 1024w, https:\/\/przylep.edu.pl\/przedszkole\/wp-content\/uploads\/2024\/06\/d3835238-c4dd-4580-a9b3-fa23e1253057-300x224.jpg 300w, https:\/\/przylep.edu.pl\/przedszkole\/wp-content\/uploads\/2024\/06\/d3835238-c4dd-4580-a9b3-fa23e1253057-768x574.jpg 768w, https:\/\/przylep.edu.pl\/przedszkole\/wp-content\/uploads\/2024\/06\/d3835238-c4dd-4580-a9b3-fa23e1253057-1536x1149.jpg 1536w, https:\/\/przylep.edu.pl\/przedszkole\/wp-content\/uploads\/2024\/06\/d3835238-c4dd-4580-a9b3-fa23e1253057-600x450.jpg 600w, https:\/\/przylep.edu.pl\/przedszkole\/wp-content\/uploads\/2024\/06\/d3835238-c4dd-4580-a9b3-fa23e1253057.jpg 2000w\" sizes=\"auto, (max-width: 1024px) 100vw, 1024px\" \/><\/figure>\n\n\n\n<figure class=\"wp-block-image size-large\"><img loading=\"lazy\" decoding=\"async\" width=\"1024\" height=\"766\" data-id=\"10405\" src=\"https:\/\/przylep.edu.pl\/przedszkole\/wp-content\/uploads\/2024\/06\/e2082585-f939-4334-bfac-ecc4e673bb98-1024x766.jpg\" alt=\"\" class=\"wp-image-10405\" srcset=\"https:\/\/przylep.edu.pl\/przedszkole\/wp-content\/uploads\/2024\/06\/e2082585-f939-4334-bfac-ecc4e673bb98-1024x766.jpg 1024w, https:\/\/przylep.edu.pl\/przedszkole\/wp-content\/uploads\/2024\/06\/e2082585-f939-4334-bfac-ecc4e673bb98-300x224.jpg 300w, https:\/\/przylep.edu.pl\/przedszkole\/wp-content\/uploads\/2024\/06\/e2082585-f939-4334-bfac-ecc4e673bb98-768x574.jpg 768w, https:\/\/przylep.edu.pl\/przedszkole\/wp-content\/uploads\/2024\/06\/e2082585-f939-4334-bfac-ecc4e673bb98-1536x1149.jpg 1536w, https:\/\/przylep.edu.pl\/przedszkole\/wp-content\/uploads\/2024\/06\/e2082585-f939-4334-bfac-ecc4e673bb98-600x450.jpg 600w, https:\/\/przylep.edu.pl\/przedszkole\/wp-content\/uploads\/2024\/06\/e2082585-f939-4334-bfac-ecc4e673bb98.jpg 2000w\" sizes=\"auto, (max-width: 1024px) 100vw, 1024px\" \/><\/figure>\n<\/figure>\n","protected":false},"excerpt":{"rendered":"<p>W roku szkolnym 2023\/2024 grupa niebieska pod okiem p. Moniki realizowa\u0142a innowacje pedagogiczn\u0105 &#8221; Uwa\u017cny zuch &#8211; elementy jogi i zabaw zuchowych w edukacji przedszkolnej&#8221; . Proponowana innowacja mia\u0142a na celu zaopatrzy\u0107 dzieci w umiej\u0119tno\u015bci niezb\u0119dne na dalszym etapie nauki, takie jak: rozwijanie zdolno\u015bci koncentracji, narz\u0119dzia roz\u0142adowywania napi\u0119cia emocjonalnego. Dodatkowo realizacja zada\u0144 wzmocni\u0142a wydolno\u015b\u0107 fizyczn\u0105 [&hellip;]<\/p>\n","protected":false},"author":2,"featured_media":10407,"comment_status":"closed","ping_status":"open","sticky":false,"template":"","format":"standard","meta":{"footnotes":""},"categories":[45,41,40],"tags":[],"class_list":["post-10400","post","type-post","status-publish","format-standard","has-post-thumbnail","hentry","category-aktualnosci","category-galerie","category-strona-glowna"],"_links":{"self":[{"href":"https:\/\/przylep.edu.pl\/przedszkole\/wp-json\/wp\/v2\/posts\/10400","targetHints":{"allow":["GET"]}}],"collection":[{"href":"https:\/\/przylep.edu.pl\/przedszkole\/wp-json\/wp\/v2\/posts"}],"about":[{"href":"https:\/\/przylep.edu.pl\/przedszkole\/wp-json\/wp\/v2\/types\/post"}],"author":[{"embeddable":true,"href":"https:\/\/przylep.edu.pl\/przedszkole\/wp-json\/wp\/v2\/users\/2"}],"replies":[{"embeddable":true,"href":"https:\/\/przylep.edu.pl\/przedszkole\/wp-json\/wp\/v2\/comments?post=10400"}],"version-history":[{"count":1,"href":"https:\/\/przylep.edu.pl\/przedszkole\/wp-json\/wp\/v2\/posts\/10400\/revisions"}],"predecessor-version":[{"id":10408,"href":"https:\/\/przylep.edu.pl\/przedszkole\/wp-json\/wp\/v2\/posts\/10400\/revisions\/10408"}],"wp:featuredmedia":[{"embeddable":true,"href":"https:\/\/przylep.edu.pl\/przedszkole\/wp-json\/wp\/v2\/media\/10407"}],"wp:attachment":[{"href":"https:\/\/przylep.edu.pl\/przedszkole\/wp-json\/wp\/v2\/media?parent=10400"}],"wp:term":[{"taxonomy":"category","embeddable":true,"href":"https:\/\/przylep.edu.pl\/przedszkole\/wp-json\/wp\/v2\/categories?post=10400"},{"taxonomy":"post_tag","embeddable":true,"href":"https:\/\/przylep.edu.pl\/przedszkole\/wp-json\/wp\/v2\/tags?post=10400"}],"curies":[{"name":"wp","href":"https:\/\/api.w.org\/{rel}","templated":true}]}}