{"id":10390,"date":"2024-05-29T11:05:14","date_gmt":"2024-05-29T09:05:14","guid":{"rendered":"https:\/\/przylep.edu.pl\/przedszkole\/?p=10390"},"modified":"2024-05-29T11:05:18","modified_gmt":"2024-05-29T09:05:18","slug":"jak-tata-poznal-mame-przedszkolny-dzien-rodziny","status":"publish","type":"post","link":"https:\/\/przylep.edu.pl\/przedszkole\/2024\/05\/29\/jak-tata-poznal-mame-przedszkolny-dzien-rodziny\/","title":{"rendered":"&#8222;Jak tata pozna\u0142 mam\u0119&#8221;- przedszkolny dzie\u0144 Rodziny"},"content":{"rendered":"\n<p>\u201eMoja kochana mamusiu, to dla Ciebie ten wierszyk.<br>Dla Ciebie s\u0142o\u0144ce i chmury, dla Ciebie t\u0119cza i wietrzyk.<br>Wiosn\u0105 i latem \u2013 kwiaty, jesieni\u0105 \u2013 li\u015bcie jesienne.<br>B\u0105d\u017a szcz\u0119\u015bliwa mamusiu dzi\u015b, jutro, codziennie\u201d<\/p>\n\n\n\n<p>\u201eTatusiu kochany, ale bardzo zapracowany,<br>Cho\u0107 jestem jeszcze ma\u0142y, dzi\u0119kuj\u0119 Ci za to,<br>\u017be jeste\u015b taki wspania\u0142y.<br>\u017bycz\u0119 Ci du\u017co zdrowia, pomy\u015blno\u015bci i rado\u015bci.<\/p>\n\n\n\n<p>Mamusiu, Tatusiu za wszystko Wam dzi\u0119kuj\u0119 i dla Was dzisiaj wyst\u0119puj\u0119\u201d.<\/p>\n\n\n\n<p><br>21.05.2024r. w Gminnym O\u015brodku Kultury i Rekreacji odby\u0142 si\u0119 uroczysty koncert z okazji Dnia Mamy i Taty. Sala wype\u0142ni\u0142a si\u0119 pe\u0142nymi podekscytowania rodzicami, a scena w tym dniu nale\u017ca\u0142a do dzieci z naszego przedszkola. Przedszkolaki doskonale wcieli\u0142y si\u0119 w rol\u0119  aktor\u00f3w, by\u0142y wierszyki, ta\u0144ce oraz piosenki. Rodzice otrzymali porz\u0105dn\u0105 dawk\u0119 \u015bmiechu, ale r\u00f3wnie\u017c \u0142ez wzruszenia. <\/p>\n\n\n\n<p>To by\u0142 wspania\u0142y koncert!<\/p>\n\n\n\n<figure class=\"wp-block-gallery has-nested-images columns-default is-cropped wp-block-gallery-1 is-layout-flex wp-block-gallery-is-layout-flex\">\n<figure class=\"wp-block-image size-large\"><img loading=\"lazy\" decoding=\"async\" width=\"1024\" height=\"577\" data-id=\"10392\" src=\"https:\/\/przylep.edu.pl\/przedszkole\/wp-content\/uploads\/2024\/05\/443698076_908722234600029_9088976472681758755_n-1024x577.jpg\" alt=\"\" class=\"wp-image-10392\" srcset=\"https:\/\/przylep.edu.pl\/przedszkole\/wp-content\/uploads\/2024\/05\/443698076_908722234600029_9088976472681758755_n-1024x577.jpg 1024w, https:\/\/przylep.edu.pl\/przedszkole\/wp-content\/uploads\/2024\/05\/443698076_908722234600029_9088976472681758755_n-300x169.jpg 300w, https:\/\/przylep.edu.pl\/przedszkole\/wp-content\/uploads\/2024\/05\/443698076_908722234600029_9088976472681758755_n-768x432.jpg 768w, https:\/\/przylep.edu.pl\/przedszkole\/wp-content\/uploads\/2024\/05\/443698076_908722234600029_9088976472681758755_n-1536x865.jpg 1536w, https:\/\/przylep.edu.pl\/przedszkole\/wp-content\/uploads\/2024\/05\/443698076_908722234600029_9088976472681758755_n.jpg 2000w\" sizes=\"auto, (max-width: 1024px) 100vw, 1024px\" \/><\/figure>\n<\/figure>\n\n\n\n<figure class=\"wp-block-gallery has-nested-images columns-default is-cropped wp-block-gallery-2 is-layout-flex wp-block-gallery-is-layout-flex\">\n<figure class=\"wp-block-image size-large\"><img loading=\"lazy\" decoding=\"async\" width=\"1024\" height=\"577\" data-id=\"10393\" src=\"https:\/\/przylep.edu.pl\/przedszkole\/wp-content\/uploads\/2024\/05\/443823916_908721511266768_5344601795811584710_n-1024x577.jpg\" alt=\"\" class=\"wp-image-10393\" srcset=\"https:\/\/przylep.edu.pl\/przedszkole\/wp-content\/uploads\/2024\/05\/443823916_908721511266768_5344601795811584710_n-1024x577.jpg 1024w, https:\/\/przylep.edu.pl\/przedszkole\/wp-content\/uploads\/2024\/05\/443823916_908721511266768_5344601795811584710_n-300x169.jpg 300w, https:\/\/przylep.edu.pl\/przedszkole\/wp-content\/uploads\/2024\/05\/443823916_908721511266768_5344601795811584710_n-768x432.jpg 768w, https:\/\/przylep.edu.pl\/przedszkole\/wp-content\/uploads\/2024\/05\/443823916_908721511266768_5344601795811584710_n-1536x865.jpg 1536w, https:\/\/przylep.edu.pl\/przedszkole\/wp-content\/uploads\/2024\/05\/443823916_908721511266768_5344601795811584710_n.jpg 2000w\" sizes=\"auto, (max-width: 1024px) 100vw, 1024px\" \/><\/figure>\n<\/figure>\n\n\n\n<figure class=\"wp-block-gallery has-nested-images columns-default is-cropped wp-block-gallery-3 is-layout-flex wp-block-gallery-is-layout-flex\">\n<figure class=\"wp-block-image size-large\"><img loading=\"lazy\" decoding=\"async\" width=\"1024\" height=\"577\" data-id=\"10394\" src=\"https:\/\/przylep.edu.pl\/przedszkole\/wp-content\/uploads\/2024\/05\/443928752_908722211266698_6526942098160176206_n-1024x577.jpg\" alt=\"\" class=\"wp-image-10394\" srcset=\"https:\/\/przylep.edu.pl\/przedszkole\/wp-content\/uploads\/2024\/05\/443928752_908722211266698_6526942098160176206_n-1024x577.jpg 1024w, https:\/\/przylep.edu.pl\/przedszkole\/wp-content\/uploads\/2024\/05\/443928752_908722211266698_6526942098160176206_n-300x169.jpg 300w, https:\/\/przylep.edu.pl\/przedszkole\/wp-content\/uploads\/2024\/05\/443928752_908722211266698_6526942098160176206_n-768x432.jpg 768w, https:\/\/przylep.edu.pl\/przedszkole\/wp-content\/uploads\/2024\/05\/443928752_908722211266698_6526942098160176206_n-1536x865.jpg 1536w, https:\/\/przylep.edu.pl\/przedszkole\/wp-content\/uploads\/2024\/05\/443928752_908722211266698_6526942098160176206_n.jpg 2000w\" sizes=\"auto, (max-width: 1024px) 100vw, 1024px\" \/><\/figure>\n<\/figure>\n\n\n\n<figure class=\"wp-block-gallery has-nested-images columns-default is-cropped wp-block-gallery-4 is-layout-flex wp-block-gallery-is-layout-flex\">\n<figure class=\"wp-block-image size-large\"><img loading=\"lazy\" decoding=\"async\" width=\"1024\" height=\"579\" data-id=\"10395\" src=\"https:\/\/przylep.edu.pl\/przedszkole\/wp-content\/uploads\/2024\/05\/444192850_908722271266692_9132753726049935924_n-1024x579.jpg\" alt=\"\" class=\"wp-image-10395\" srcset=\"https:\/\/przylep.edu.pl\/przedszkole\/wp-content\/uploads\/2024\/05\/444192850_908722271266692_9132753726049935924_n-1024x579.jpg 1024w, https:\/\/przylep.edu.pl\/przedszkole\/wp-content\/uploads\/2024\/05\/444192850_908722271266692_9132753726049935924_n-300x170.jpg 300w, https:\/\/przylep.edu.pl\/przedszkole\/wp-content\/uploads\/2024\/05\/444192850_908722271266692_9132753726049935924_n-768x435.jpg 768w, https:\/\/przylep.edu.pl\/przedszkole\/wp-content\/uploads\/2024\/05\/444192850_908722271266692_9132753726049935924_n-1536x869.jpg 1536w, https:\/\/przylep.edu.pl\/przedszkole\/wp-content\/uploads\/2024\/05\/444192850_908722271266692_9132753726049935924_n.jpg 1905w\" sizes=\"auto, (max-width: 1024px) 100vw, 1024px\" \/><\/figure>\n<\/figure>\n\n\n\n<figure class=\"wp-block-gallery has-nested-images columns-default is-cropped wp-block-gallery-5 is-layout-flex wp-block-gallery-is-layout-flex\">\n<figure class=\"wp-block-image size-large\"><img loading=\"lazy\" decoding=\"async\" width=\"1024\" height=\"587\" data-id=\"10396\" src=\"https:\/\/przylep.edu.pl\/przedszkole\/wp-content\/uploads\/2024\/05\/445221640_908722097933376_6084483741095820639_n-1024x587.jpg\" alt=\"\" class=\"wp-image-10396\" srcset=\"https:\/\/przylep.edu.pl\/przedszkole\/wp-content\/uploads\/2024\/05\/445221640_908722097933376_6084483741095820639_n-1024x587.jpg 1024w, https:\/\/przylep.edu.pl\/przedszkole\/wp-content\/uploads\/2024\/05\/445221640_908722097933376_6084483741095820639_n-300x172.jpg 300w, https:\/\/przylep.edu.pl\/przedszkole\/wp-content\/uploads\/2024\/05\/445221640_908722097933376_6084483741095820639_n-768x440.jpg 768w, https:\/\/przylep.edu.pl\/przedszkole\/wp-content\/uploads\/2024\/05\/445221640_908722097933376_6084483741095820639_n-1536x880.jpg 1536w, https:\/\/przylep.edu.pl\/przedszkole\/wp-content\/uploads\/2024\/05\/445221640_908722097933376_6084483741095820639_n.jpg 1734w\" sizes=\"auto, (max-width: 1024px) 100vw, 1024px\" \/><\/figure>\n<\/figure>\n\n\n\n<figure class=\"wp-block-gallery has-nested-images columns-default is-cropped wp-block-gallery-6 is-layout-flex wp-block-gallery-is-layout-flex\">\n<figure class=\"wp-block-image size-large\"><img loading=\"lazy\" decoding=\"async\" width=\"1024\" height=\"577\" data-id=\"10397\" src=\"https:\/\/przylep.edu.pl\/przedszkole\/wp-content\/uploads\/2024\/05\/445751877_908722277933358_4300538316365382510_n-1024x577.jpg\" alt=\"\" class=\"wp-image-10397\" srcset=\"https:\/\/przylep.edu.pl\/przedszkole\/wp-content\/uploads\/2024\/05\/445751877_908722277933358_4300538316365382510_n-1024x577.jpg 1024w, https:\/\/przylep.edu.pl\/przedszkole\/wp-content\/uploads\/2024\/05\/445751877_908722277933358_4300538316365382510_n-300x169.jpg 300w, https:\/\/przylep.edu.pl\/przedszkole\/wp-content\/uploads\/2024\/05\/445751877_908722277933358_4300538316365382510_n-768x432.jpg 768w, https:\/\/przylep.edu.pl\/przedszkole\/wp-content\/uploads\/2024\/05\/445751877_908722277933358_4300538316365382510_n-1536x865.jpg 1536w, https:\/\/przylep.edu.pl\/przedszkole\/wp-content\/uploads\/2024\/05\/445751877_908722277933358_4300538316365382510_n.jpg 2000w\" sizes=\"auto, (max-width: 1024px) 100vw, 1024px\" \/><\/figure>\n<\/figure>\n\n\n\n<figure class=\"wp-block-image size-large\"><img loading=\"lazy\" decoding=\"async\" width=\"1024\" height=\"577\" src=\"https:\/\/przylep.edu.pl\/przedszkole\/wp-content\/uploads\/2024\/05\/445761622_908722191266700_1013659504054488410_n-1024x577.jpg\" alt=\"\" class=\"wp-image-10398\" srcset=\"https:\/\/przylep.edu.pl\/przedszkole\/wp-content\/uploads\/2024\/05\/445761622_908722191266700_1013659504054488410_n-1024x577.jpg 1024w, https:\/\/przylep.edu.pl\/przedszkole\/wp-content\/uploads\/2024\/05\/445761622_908722191266700_1013659504054488410_n-300x169.jpg 300w, https:\/\/przylep.edu.pl\/przedszkole\/wp-content\/uploads\/2024\/05\/445761622_908722191266700_1013659504054488410_n-768x432.jpg 768w, https:\/\/przylep.edu.pl\/przedszkole\/wp-content\/uploads\/2024\/05\/445761622_908722191266700_1013659504054488410_n-1536x865.jpg 1536w, https:\/\/przylep.edu.pl\/przedszkole\/wp-content\/uploads\/2024\/05\/445761622_908722191266700_1013659504054488410_n.jpg 2000w\" sizes=\"auto, (max-width: 1024px) 100vw, 1024px\" \/><\/figure>\n\n\n\n<p>Zdj\u0119cia wykonane przez Gmina Ko\u0142baskowo<\/p>\n","protected":false},"excerpt":{"rendered":"<p>\u201eMoja kochana mamusiu, to dla Ciebie ten wierszyk.Dla Ciebie s\u0142o\u0144ce i chmury, dla Ciebie t\u0119cza i wietrzyk.Wiosn\u0105 i latem \u2013 kwiaty, jesieni\u0105 \u2013 li\u015bcie jesienne.B\u0105d\u017a szcz\u0119\u015bliwa mamusiu dzi\u015b, jutro, codziennie\u201d \u201eTatusiu kochany, ale bardzo zapracowany,Cho\u0107 jestem jeszcze ma\u0142y, dzi\u0119kuj\u0119 Ci za to,\u017be jeste\u015b taki wspania\u0142y.\u017bycz\u0119 Ci du\u017co zdrowia, pomy\u015blno\u015bci i rado\u015bci. Mamusiu, Tatusiu za wszystko [&hellip;]<\/p>\n","protected":false},"author":2,"featured_media":10391,"comment_status":"closed","ping_status":"open","sticky":false,"template":"","format":"standard","meta":{"footnotes":""},"categories":[45,41,40],"tags":[],"class_list":["post-10390","post","type-post","status-publish","format-standard","has-post-thumbnail","hentry","category-aktualnosci","category-galerie","category-strona-glowna"],"_links":{"self":[{"href":"https:\/\/przylep.edu.pl\/przedszkole\/wp-json\/wp\/v2\/posts\/10390","targetHints":{"allow":["GET"]}}],"collection":[{"href":"https:\/\/przylep.edu.pl\/przedszkole\/wp-json\/wp\/v2\/posts"}],"about":[{"href":"https:\/\/przylep.edu.pl\/przedszkole\/wp-json\/wp\/v2\/types\/post"}],"author":[{"embeddable":true,"href":"https:\/\/przylep.edu.pl\/przedszkole\/wp-json\/wp\/v2\/users\/2"}],"replies":[{"embeddable":true,"href":"https:\/\/przylep.edu.pl\/przedszkole\/wp-json\/wp\/v2\/comments?post=10390"}],"version-history":[{"count":1,"href":"https:\/\/przylep.edu.pl\/przedszkole\/wp-json\/wp\/v2\/posts\/10390\/revisions"}],"predecessor-version":[{"id":10399,"href":"https:\/\/przylep.edu.pl\/przedszkole\/wp-json\/wp\/v2\/posts\/10390\/revisions\/10399"}],"wp:featuredmedia":[{"embeddable":true,"href":"https:\/\/przylep.edu.pl\/przedszkole\/wp-json\/wp\/v2\/media\/10391"}],"wp:attachment":[{"href":"https:\/\/przylep.edu.pl\/przedszkole\/wp-json\/wp\/v2\/media?parent=10390"}],"wp:term":[{"taxonomy":"category","embeddable":true,"href":"https:\/\/przylep.edu.pl\/przedszkole\/wp-json\/wp\/v2\/categories?post=10390"},{"taxonomy":"post_tag","embeddable":true,"href":"https:\/\/przylep.edu.pl\/przedszkole\/wp-json\/wp\/v2\/tags?post=10390"}],"curies":[{"name":"wp","href":"https:\/\/api.w.org\/{rel}","templated":true}]}}