{"id":10375,"date":"2024-05-26T21:15:08","date_gmt":"2024-05-26T19:15:08","guid":{"rendered":"https:\/\/przylep.edu.pl\/przedszkole\/?p=10375"},"modified":"2024-05-26T21:15:10","modified_gmt":"2024-05-26T19:15:10","slug":"dzien-pszczoly-w-przedszkolu","status":"publish","type":"post","link":"https:\/\/przylep.edu.pl\/przedszkole\/2024\/05\/26\/dzien-pszczoly-w-przedszkolu\/","title":{"rendered":"Dzie\u0144 pszczo\u0142y w Przedszkolu"},"content":{"rendered":"\n<p>W maju, gdy wszystko wok\u00f3\u0142 kwitnie w przedszkolu w Przylepie obchodzili\u015bmy Dzie\u0144 Pszczo\u0142y. W pi\u0105tek 24 maja na dzieci ju\u017c w szatni czeka\u0142a sympatyczna pszczo\u0142a i pszczelarz wraz z ulami. Dzieci ze wszystkich grup zapozna\u0142y si\u0119 ze zwyczajami pszczelej rodziny. Doceniaj\u0105c wielki po\u017cytek, jaki przynosz\u0105 te owady \u015brodowisku i ludziom, wykona\u0142y z materia\u0142u naturalnego pszczele hoteliki. Prace b\u0119dzie mo\u017cna podziwia\u0107 na naszej \u0142\u0105czce. Wszystkie nasze dzieci \u015bwiadome znaczenia tych pracowitych owad\u00f3w wymy\u015bli\u0142y jak mog\u0105 im pom\u00f3c np. poprzez tworzenie poide\u0142ek dla owad\u00f3w w przydomowych ogr\u00f3dkach do czego i Pa\u0144stwa zach\u0119camy.<\/p>\n\n\n\n<figure class=\"wp-block-gallery has-nested-images columns-default is-cropped wp-block-gallery-1 is-layout-flex wp-block-gallery-is-layout-flex\">\n<figure class=\"wp-block-image size-large\"><img loading=\"lazy\" decoding=\"async\" width=\"768\" height=\"1024\" data-id=\"10376\" src=\"https:\/\/przylep.edu.pl\/przedszkole\/wp-content\/uploads\/2024\/05\/63791c65-ccbf-4324-80e3-eef5e82ed972-768x1024.jpg\" alt=\"\" class=\"wp-image-10376\" srcset=\"https:\/\/przylep.edu.pl\/przedszkole\/wp-content\/uploads\/2024\/05\/63791c65-ccbf-4324-80e3-eef5e82ed972-768x1024.jpg 768w, https:\/\/przylep.edu.pl\/przedszkole\/wp-content\/uploads\/2024\/05\/63791c65-ccbf-4324-80e3-eef5e82ed972-225x300.jpg 225w, https:\/\/przylep.edu.pl\/przedszkole\/wp-content\/uploads\/2024\/05\/63791c65-ccbf-4324-80e3-eef5e82ed972-1152x1536.jpg 1152w, https:\/\/przylep.edu.pl\/przedszkole\/wp-content\/uploads\/2024\/05\/63791c65-ccbf-4324-80e3-eef5e82ed972.jpg 1536w\" sizes=\"auto, (max-width: 768px) 100vw, 768px\" \/><\/figure>\n\n\n\n<figure class=\"wp-block-image size-large\"><img loading=\"lazy\" decoding=\"async\" width=\"768\" height=\"1024\" data-id=\"10377\" src=\"https:\/\/przylep.edu.pl\/przedszkole\/wp-content\/uploads\/2024\/05\/f67721a9-07bd-44e5-ac90-f31178f1b163-768x1024.jpg\" alt=\"\" class=\"wp-image-10377\" srcset=\"https:\/\/przylep.edu.pl\/przedszkole\/wp-content\/uploads\/2024\/05\/f67721a9-07bd-44e5-ac90-f31178f1b163-768x1024.jpg 768w, https:\/\/przylep.edu.pl\/przedszkole\/wp-content\/uploads\/2024\/05\/f67721a9-07bd-44e5-ac90-f31178f1b163-225x300.jpg 225w, https:\/\/przylep.edu.pl\/przedszkole\/wp-content\/uploads\/2024\/05\/f67721a9-07bd-44e5-ac90-f31178f1b163-1152x1536.jpg 1152w, https:\/\/przylep.edu.pl\/przedszkole\/wp-content\/uploads\/2024\/05\/f67721a9-07bd-44e5-ac90-f31178f1b163.jpg 1536w\" sizes=\"auto, (max-width: 768px) 100vw, 768px\" \/><\/figure>\n<\/figure>\n\n\n\n<figure class=\"wp-block-gallery has-nested-images columns-default is-cropped wp-block-gallery-2 is-layout-flex wp-block-gallery-is-layout-flex\">\n<figure class=\"wp-block-image size-large\"><img loading=\"lazy\" decoding=\"async\" width=\"1024\" height=\"768\" data-id=\"10378\" src=\"https:\/\/przylep.edu.pl\/przedszkole\/wp-content\/uploads\/2024\/05\/b316bf1f-d1f1-4b36-a797-d5bede42e8f7-1024x768.jpg\" alt=\"\" class=\"wp-image-10378\" srcset=\"https:\/\/przylep.edu.pl\/przedszkole\/wp-content\/uploads\/2024\/05\/b316bf1f-d1f1-4b36-a797-d5bede42e8f7-1024x768.jpg 1024w, https:\/\/przylep.edu.pl\/przedszkole\/wp-content\/uploads\/2024\/05\/b316bf1f-d1f1-4b36-a797-d5bede42e8f7-300x225.jpg 300w, https:\/\/przylep.edu.pl\/przedszkole\/wp-content\/uploads\/2024\/05\/b316bf1f-d1f1-4b36-a797-d5bede42e8f7-768x576.jpg 768w, https:\/\/przylep.edu.pl\/przedszkole\/wp-content\/uploads\/2024\/05\/b316bf1f-d1f1-4b36-a797-d5bede42e8f7-1536x1152.jpg 1536w, https:\/\/przylep.edu.pl\/przedszkole\/wp-content\/uploads\/2024\/05\/b316bf1f-d1f1-4b36-a797-d5bede42e8f7-600x450.jpg 600w, https:\/\/przylep.edu.pl\/przedszkole\/wp-content\/uploads\/2024\/05\/b316bf1f-d1f1-4b36-a797-d5bede42e8f7.jpg 2048w\" sizes=\"auto, (max-width: 1024px) 100vw, 1024px\" \/><\/figure>\n<\/figure>\n\n\n\n<figure class=\"wp-block-gallery has-nested-images columns-default is-cropped wp-block-gallery-3 is-layout-flex wp-block-gallery-is-layout-flex\">\n<figure class=\"wp-block-image size-large\"><img loading=\"lazy\" decoding=\"async\" width=\"1024\" height=\"766\" data-id=\"10379\" src=\"https:\/\/przylep.edu.pl\/przedszkole\/wp-content\/uploads\/2024\/05\/8b2421e4-4cfb-4b35-a27d-09fb987950ca-1024x766.jpg\" alt=\"\" class=\"wp-image-10379\" srcset=\"https:\/\/przylep.edu.pl\/przedszkole\/wp-content\/uploads\/2024\/05\/8b2421e4-4cfb-4b35-a27d-09fb987950ca-1024x766.jpg 1024w, https:\/\/przylep.edu.pl\/przedszkole\/wp-content\/uploads\/2024\/05\/8b2421e4-4cfb-4b35-a27d-09fb987950ca-300x224.jpg 300w, https:\/\/przylep.edu.pl\/przedszkole\/wp-content\/uploads\/2024\/05\/8b2421e4-4cfb-4b35-a27d-09fb987950ca-768x574.jpg 768w, https:\/\/przylep.edu.pl\/przedszkole\/wp-content\/uploads\/2024\/05\/8b2421e4-4cfb-4b35-a27d-09fb987950ca-1536x1149.jpg 1536w, https:\/\/przylep.edu.pl\/przedszkole\/wp-content\/uploads\/2024\/05\/8b2421e4-4cfb-4b35-a27d-09fb987950ca-600x450.jpg 600w, https:\/\/przylep.edu.pl\/przedszkole\/wp-content\/uploads\/2024\/05\/8b2421e4-4cfb-4b35-a27d-09fb987950ca.jpg 2000w\" sizes=\"auto, (max-width: 1024px) 100vw, 1024px\" \/><\/figure>\n<\/figure>\n\n\n\n<figure class=\"wp-block-gallery has-nested-images columns-default is-cropped wp-block-gallery-4 is-layout-flex wp-block-gallery-is-layout-flex\">\n<figure class=\"wp-block-image size-large\"><img loading=\"lazy\" decoding=\"async\" width=\"768\" height=\"1024\" data-id=\"10380\" src=\"https:\/\/przylep.edu.pl\/przedszkole\/wp-content\/uploads\/2024\/05\/bd555dba-07db-4fd4-9691-796182c09645-768x1024.jpg\" alt=\"\" class=\"wp-image-10380\" srcset=\"https:\/\/przylep.edu.pl\/przedszkole\/wp-content\/uploads\/2024\/05\/bd555dba-07db-4fd4-9691-796182c09645-768x1024.jpg 768w, https:\/\/przylep.edu.pl\/przedszkole\/wp-content\/uploads\/2024\/05\/bd555dba-07db-4fd4-9691-796182c09645-225x300.jpg 225w, https:\/\/przylep.edu.pl\/przedszkole\/wp-content\/uploads\/2024\/05\/bd555dba-07db-4fd4-9691-796182c09645-1152x1536.jpg 1152w, https:\/\/przylep.edu.pl\/przedszkole\/wp-content\/uploads\/2024\/05\/bd555dba-07db-4fd4-9691-796182c09645.jpg 1500w\" sizes=\"auto, (max-width: 768px) 100vw, 768px\" \/><\/figure>\n\n\n\n<figure class=\"wp-block-image size-large\"><img loading=\"lazy\" decoding=\"async\" width=\"768\" height=\"1024\" data-id=\"10381\" src=\"https:\/\/przylep.edu.pl\/przedszkole\/wp-content\/uploads\/2024\/05\/eb12064c-bdec-4054-b849-92188ae6d850-768x1024.jpg\" alt=\"\" class=\"wp-image-10381\" srcset=\"https:\/\/przylep.edu.pl\/przedszkole\/wp-content\/uploads\/2024\/05\/eb12064c-bdec-4054-b849-92188ae6d850-768x1024.jpg 768w, https:\/\/przylep.edu.pl\/przedszkole\/wp-content\/uploads\/2024\/05\/eb12064c-bdec-4054-b849-92188ae6d850-225x300.jpg 225w, https:\/\/przylep.edu.pl\/przedszkole\/wp-content\/uploads\/2024\/05\/eb12064c-bdec-4054-b849-92188ae6d850-1152x1536.jpg 1152w, https:\/\/przylep.edu.pl\/przedszkole\/wp-content\/uploads\/2024\/05\/eb12064c-bdec-4054-b849-92188ae6d850.jpg 1500w\" sizes=\"auto, (max-width: 768px) 100vw, 768px\" \/><\/figure>\n<\/figure>\n\n\n\n<figure class=\"wp-block-gallery has-nested-images columns-default is-cropped wp-block-gallery-5 is-layout-flex wp-block-gallery-is-layout-flex\">\n<figure class=\"wp-block-image size-large\"><img loading=\"lazy\" decoding=\"async\" width=\"1024\" height=\"768\" data-id=\"10382\" src=\"https:\/\/przylep.edu.pl\/przedszkole\/wp-content\/uploads\/2024\/05\/d0c7a59b-2f14-4361-a899-09dd8e3f4997-1024x768.jpg\" alt=\"\" class=\"wp-image-10382\" srcset=\"https:\/\/przylep.edu.pl\/przedszkole\/wp-content\/uploads\/2024\/05\/d0c7a59b-2f14-4361-a899-09dd8e3f4997-1024x768.jpg 1024w, https:\/\/przylep.edu.pl\/przedszkole\/wp-content\/uploads\/2024\/05\/d0c7a59b-2f14-4361-a899-09dd8e3f4997-300x225.jpg 300w, https:\/\/przylep.edu.pl\/przedszkole\/wp-content\/uploads\/2024\/05\/d0c7a59b-2f14-4361-a899-09dd8e3f4997-768x576.jpg 768w, https:\/\/przylep.edu.pl\/przedszkole\/wp-content\/uploads\/2024\/05\/d0c7a59b-2f14-4361-a899-09dd8e3f4997-1536x1152.jpg 1536w, https:\/\/przylep.edu.pl\/przedszkole\/wp-content\/uploads\/2024\/05\/d0c7a59b-2f14-4361-a899-09dd8e3f4997-600x450.jpg 600w, https:\/\/przylep.edu.pl\/przedszkole\/wp-content\/uploads\/2024\/05\/d0c7a59b-2f14-4361-a899-09dd8e3f4997.jpg 2048w\" sizes=\"auto, (max-width: 1024px) 100vw, 1024px\" \/><\/figure>\n<\/figure>\n\n\n\n<figure class=\"wp-block-gallery has-nested-images columns-default is-cropped wp-block-gallery-6 is-layout-flex wp-block-gallery-is-layout-flex\">\n<figure class=\"wp-block-image size-large\"><img loading=\"lazy\" decoding=\"async\" width=\"1024\" height=\"766\" data-id=\"10383\" src=\"https:\/\/przylep.edu.pl\/przedszkole\/wp-content\/uploads\/2024\/05\/a5dc7f5c-263a-4ca6-b248-b1dafb01c162-1024x766.jpg\" alt=\"\" class=\"wp-image-10383\" srcset=\"https:\/\/przylep.edu.pl\/przedszkole\/wp-content\/uploads\/2024\/05\/a5dc7f5c-263a-4ca6-b248-b1dafb01c162-1024x766.jpg 1024w, https:\/\/przylep.edu.pl\/przedszkole\/wp-content\/uploads\/2024\/05\/a5dc7f5c-263a-4ca6-b248-b1dafb01c162-300x224.jpg 300w, https:\/\/przylep.edu.pl\/przedszkole\/wp-content\/uploads\/2024\/05\/a5dc7f5c-263a-4ca6-b248-b1dafb01c162-768x574.jpg 768w, https:\/\/przylep.edu.pl\/przedszkole\/wp-content\/uploads\/2024\/05\/a5dc7f5c-263a-4ca6-b248-b1dafb01c162-1536x1149.jpg 1536w, https:\/\/przylep.edu.pl\/przedszkole\/wp-content\/uploads\/2024\/05\/a5dc7f5c-263a-4ca6-b248-b1dafb01c162-600x450.jpg 600w, https:\/\/przylep.edu.pl\/przedszkole\/wp-content\/uploads\/2024\/05\/a5dc7f5c-263a-4ca6-b248-b1dafb01c162.jpg 2000w\" sizes=\"auto, (max-width: 1024px) 100vw, 1024px\" \/><\/figure>\n<\/figure>\n\n\n\n<figure class=\"wp-block-gallery has-nested-images columns-default is-cropped wp-block-gallery-7 is-layout-flex wp-block-gallery-is-layout-flex\">\n<figure class=\"wp-block-image size-large\"><img loading=\"lazy\" decoding=\"async\" width=\"1024\" height=\"766\" data-id=\"10384\" src=\"https:\/\/przylep.edu.pl\/przedszkole\/wp-content\/uploads\/2024\/05\/bae4f21f-99ae-4662-af8b-748d0426a61b-1024x766.jpg\" alt=\"\" class=\"wp-image-10384\" srcset=\"https:\/\/przylep.edu.pl\/przedszkole\/wp-content\/uploads\/2024\/05\/bae4f21f-99ae-4662-af8b-748d0426a61b-1024x766.jpg 1024w, https:\/\/przylep.edu.pl\/przedszkole\/wp-content\/uploads\/2024\/05\/bae4f21f-99ae-4662-af8b-748d0426a61b-300x224.jpg 300w, https:\/\/przylep.edu.pl\/przedszkole\/wp-content\/uploads\/2024\/05\/bae4f21f-99ae-4662-af8b-748d0426a61b-768x574.jpg 768w, https:\/\/przylep.edu.pl\/przedszkole\/wp-content\/uploads\/2024\/05\/bae4f21f-99ae-4662-af8b-748d0426a61b-1536x1149.jpg 1536w, https:\/\/przylep.edu.pl\/przedszkole\/wp-content\/uploads\/2024\/05\/bae4f21f-99ae-4662-af8b-748d0426a61b-600x450.jpg 600w, https:\/\/przylep.edu.pl\/przedszkole\/wp-content\/uploads\/2024\/05\/bae4f21f-99ae-4662-af8b-748d0426a61b.jpg 2000w\" sizes=\"auto, (max-width: 1024px) 100vw, 1024px\" \/><\/figure>\n<\/figure>\n\n\n\n<figure class=\"wp-block-gallery has-nested-images columns-default is-cropped wp-block-gallery-8 is-layout-flex wp-block-gallery-is-layout-flex\">\n<figure class=\"wp-block-image size-large\"><img loading=\"lazy\" decoding=\"async\" width=\"1024\" height=\"766\" data-id=\"10385\" src=\"https:\/\/przylep.edu.pl\/przedszkole\/wp-content\/uploads\/2024\/05\/f5e2b3c4-792f-45a6-9c3b-2804e386ce04-1024x766.jpg\" alt=\"\" class=\"wp-image-10385\" srcset=\"https:\/\/przylep.edu.pl\/przedszkole\/wp-content\/uploads\/2024\/05\/f5e2b3c4-792f-45a6-9c3b-2804e386ce04-1024x766.jpg 1024w, https:\/\/przylep.edu.pl\/przedszkole\/wp-content\/uploads\/2024\/05\/f5e2b3c4-792f-45a6-9c3b-2804e386ce04-300x224.jpg 300w, https:\/\/przylep.edu.pl\/przedszkole\/wp-content\/uploads\/2024\/05\/f5e2b3c4-792f-45a6-9c3b-2804e386ce04-768x574.jpg 768w, https:\/\/przylep.edu.pl\/przedszkole\/wp-content\/uploads\/2024\/05\/f5e2b3c4-792f-45a6-9c3b-2804e386ce04-1536x1149.jpg 1536w, https:\/\/przylep.edu.pl\/przedszkole\/wp-content\/uploads\/2024\/05\/f5e2b3c4-792f-45a6-9c3b-2804e386ce04-600x450.jpg 600w, https:\/\/przylep.edu.pl\/przedszkole\/wp-content\/uploads\/2024\/05\/f5e2b3c4-792f-45a6-9c3b-2804e386ce04.jpg 2000w\" sizes=\"auto, (max-width: 1024px) 100vw, 1024px\" \/><\/figure>\n<\/figure>\n","protected":false},"excerpt":{"rendered":"<p>W maju, gdy wszystko wok\u00f3\u0142 kwitnie w przedszkolu w Przylepie obchodzili\u015bmy Dzie\u0144 Pszczo\u0142y. W pi\u0105tek 24 maja na dzieci ju\u017c w szatni czeka\u0142a sympatyczna pszczo\u0142a i pszczelarz wraz z ulami. Dzieci ze wszystkich grup zapozna\u0142y si\u0119 ze zwyczajami pszczelej rodziny. Doceniaj\u0105c wielki po\u017cytek, jaki przynosz\u0105 te owady \u015brodowisku i ludziom, wykona\u0142y z materia\u0142u naturalnego pszczele [&hellip;]<\/p>\n","protected":false},"author":2,"featured_media":10387,"comment_status":"closed","ping_status":"open","sticky":false,"template":"","format":"standard","meta":{"footnotes":""},"categories":[45,41,40],"tags":[],"class_list":["post-10375","post","type-post","status-publish","format-standard","has-post-thumbnail","hentry","category-aktualnosci","category-galerie","category-strona-glowna"],"_links":{"self":[{"href":"https:\/\/przylep.edu.pl\/przedszkole\/wp-json\/wp\/v2\/posts\/10375","targetHints":{"allow":["GET"]}}],"collection":[{"href":"https:\/\/przylep.edu.pl\/przedszkole\/wp-json\/wp\/v2\/posts"}],"about":[{"href":"https:\/\/przylep.edu.pl\/przedszkole\/wp-json\/wp\/v2\/types\/post"}],"author":[{"embeddable":true,"href":"https:\/\/przylep.edu.pl\/przedszkole\/wp-json\/wp\/v2\/users\/2"}],"replies":[{"embeddable":true,"href":"https:\/\/przylep.edu.pl\/przedszkole\/wp-json\/wp\/v2\/comments?post=10375"}],"version-history":[{"count":1,"href":"https:\/\/przylep.edu.pl\/przedszkole\/wp-json\/wp\/v2\/posts\/10375\/revisions"}],"predecessor-version":[{"id":10388,"href":"https:\/\/przylep.edu.pl\/przedszkole\/wp-json\/wp\/v2\/posts\/10375\/revisions\/10388"}],"wp:featuredmedia":[{"embeddable":true,"href":"https:\/\/przylep.edu.pl\/przedszkole\/wp-json\/wp\/v2\/media\/10387"}],"wp:attachment":[{"href":"https:\/\/przylep.edu.pl\/przedszkole\/wp-json\/wp\/v2\/media?parent=10375"}],"wp:term":[{"taxonomy":"category","embeddable":true,"href":"https:\/\/przylep.edu.pl\/przedszkole\/wp-json\/wp\/v2\/categories?post=10375"},{"taxonomy":"post_tag","embeddable":true,"href":"https:\/\/przylep.edu.pl\/przedszkole\/wp-json\/wp\/v2\/tags?post=10375"}],"curies":[{"name":"wp","href":"https:\/\/api.w.org\/{rel}","templated":true}]}}