{"id":10359,"date":"2024-05-08T20:54:02","date_gmt":"2024-05-08T18:54:02","guid":{"rendered":"https:\/\/przylep.edu.pl\/przedszkole\/?p=10359"},"modified":"2024-05-26T21:03:36","modified_gmt":"2024-05-26T19:03:36","slug":"przedszkolna-wycieczka-do-planetarium","status":"publish","type":"post","link":"https:\/\/przylep.edu.pl\/przedszkole\/2024\/05\/08\/przedszkolna-wycieczka-do-planetarium\/","title":{"rendered":"Przedszkolna wycieczka do Planetarium"},"content":{"rendered":"\n<p>7 maja  grupa srebrna wraz z grup\u0105 limonow\u0105 wybra\u0142y si\u0119 do Morskiego centrum Nauki, a dok\u0142adniej do Planetarium. Dzieci obejrza\u0142y film pt. \u201dMagiczny Globus\u201d. Z filmu mo\u017cna by\u0142o si\u0119 dowiedzie\u0107 r\u00f3\u017cnych zjawisk, z kt\u00f3rymi mamy do czynienia na co dzie\u0144, ale zwykle nie przywi\u0105zujemy uwag\u0119 do tego, dlaczego tak si\u0119 dzieje. Chodzi mi\u0119dzy innymi o to dlaczego jest noc i dzie\u0144, sk\u0105d si\u0119 bior\u0105 pory roku i dlaczego ka\u017cda pora jest dla naszego \u017cycia niezwykle wa\u017cna. Film by\u0142 bardzo pouczaj\u0105cy, a dzi\u0119ki specjalnie przygotowanemu ekranowi w formie kuli ziemskiej, mo\u017cna by\u0142o obejrze\u0107 go wieloma zmys\u0142ami.<br>Po filmie dzieci mia\u0142y wycieczk\u0119 po okolicach Szczecina. Mog\u0142y obejrze\u0107 D\u017awigozaury, \u0141asztowni\u0119, podziwia\u0107 rzek\u0119 Odr\u0119 i pomniki, kt\u00f3re ozdabiaj\u0105 szczeci\u0144skie bulwary, a nast\u0119pnie ogl\u0105da\u0142y Wa\u0142y Chrobrego. Wycieczka by\u0142a bardzo ciekawa, a dla niekt\u00f3rych naprawd\u0119 wyczerpuj\u0105ca. Niemniej wszyscy \u015bwietnie si\u0119 bawili.<\/p>\n\n\n\n<figure class=\"wp-block-gallery has-nested-images columns-default is-cropped wp-block-gallery-1 is-layout-flex wp-block-gallery-is-layout-flex\">\n<figure class=\"wp-block-image size-large\"><img loading=\"lazy\" decoding=\"async\" width=\"1024\" height=\"768\" data-id=\"10360\" src=\"https:\/\/przylep.edu.pl\/przedszkole\/wp-content\/uploads\/2024\/05\/4d186e78-edc8-41da-9923-61d8f503f8b8-1024x768.jpg\" alt=\"\" class=\"wp-image-10360\" srcset=\"https:\/\/przylep.edu.pl\/przedszkole\/wp-content\/uploads\/2024\/05\/4d186e78-edc8-41da-9923-61d8f503f8b8-1024x768.jpg 1024w, https:\/\/przylep.edu.pl\/przedszkole\/wp-content\/uploads\/2024\/05\/4d186e78-edc8-41da-9923-61d8f503f8b8-300x225.jpg 300w, https:\/\/przylep.edu.pl\/przedszkole\/wp-content\/uploads\/2024\/05\/4d186e78-edc8-41da-9923-61d8f503f8b8-768x576.jpg 768w, https:\/\/przylep.edu.pl\/przedszkole\/wp-content\/uploads\/2024\/05\/4d186e78-edc8-41da-9923-61d8f503f8b8-1536x1152.jpg 1536w, https:\/\/przylep.edu.pl\/przedszkole\/wp-content\/uploads\/2024\/05\/4d186e78-edc8-41da-9923-61d8f503f8b8-600x450.jpg 600w, https:\/\/przylep.edu.pl\/przedszkole\/wp-content\/uploads\/2024\/05\/4d186e78-edc8-41da-9923-61d8f503f8b8.jpg 2048w\" sizes=\"auto, (max-width: 1024px) 100vw, 1024px\" \/><\/figure>\n<\/figure>\n\n\n\n<figure class=\"wp-block-gallery has-nested-images columns-default is-cropped wp-block-gallery-2 is-layout-flex wp-block-gallery-is-layout-flex\">\n<figure class=\"wp-block-image size-large\"><img loading=\"lazy\" decoding=\"async\" width=\"1024\" height=\"768\" data-id=\"10361\" src=\"https:\/\/przylep.edu.pl\/przedszkole\/wp-content\/uploads\/2024\/05\/4d227343-7863-4da5-9389-a16f94d99b3f-1024x768.jpg\" alt=\"\" class=\"wp-image-10361\" srcset=\"https:\/\/przylep.edu.pl\/przedszkole\/wp-content\/uploads\/2024\/05\/4d227343-7863-4da5-9389-a16f94d99b3f-1024x768.jpg 1024w, https:\/\/przylep.edu.pl\/przedszkole\/wp-content\/uploads\/2024\/05\/4d227343-7863-4da5-9389-a16f94d99b3f-300x225.jpg 300w, https:\/\/przylep.edu.pl\/przedszkole\/wp-content\/uploads\/2024\/05\/4d227343-7863-4da5-9389-a16f94d99b3f-768x576.jpg 768w, https:\/\/przylep.edu.pl\/przedszkole\/wp-content\/uploads\/2024\/05\/4d227343-7863-4da5-9389-a16f94d99b3f-1536x1152.jpg 1536w, https:\/\/przylep.edu.pl\/przedszkole\/wp-content\/uploads\/2024\/05\/4d227343-7863-4da5-9389-a16f94d99b3f-600x450.jpg 600w, https:\/\/przylep.edu.pl\/przedszkole\/wp-content\/uploads\/2024\/05\/4d227343-7863-4da5-9389-a16f94d99b3f.jpg 2048w\" sizes=\"auto, (max-width: 1024px) 100vw, 1024px\" \/><\/figure>\n<\/figure>\n\n\n\n<figure class=\"wp-block-gallery has-nested-images columns-default is-cropped wp-block-gallery-3 is-layout-flex wp-block-gallery-is-layout-flex\">\n<figure class=\"wp-block-image size-large\"><img loading=\"lazy\" decoding=\"async\" width=\"768\" height=\"1024\" data-id=\"10362\" src=\"https:\/\/przylep.edu.pl\/przedszkole\/wp-content\/uploads\/2024\/05\/44cee3d8-c2d3-40ff-ab94-3329442c6263-768x1024.jpg\" alt=\"\" class=\"wp-image-10362\" srcset=\"https:\/\/przylep.edu.pl\/przedszkole\/wp-content\/uploads\/2024\/05\/44cee3d8-c2d3-40ff-ab94-3329442c6263-768x1024.jpg 768w, https:\/\/przylep.edu.pl\/przedszkole\/wp-content\/uploads\/2024\/05\/44cee3d8-c2d3-40ff-ab94-3329442c6263-225x300.jpg 225w, https:\/\/przylep.edu.pl\/przedszkole\/wp-content\/uploads\/2024\/05\/44cee3d8-c2d3-40ff-ab94-3329442c6263-1152x1536.jpg 1152w, https:\/\/przylep.edu.pl\/przedszkole\/wp-content\/uploads\/2024\/05\/44cee3d8-c2d3-40ff-ab94-3329442c6263.jpg 1536w\" sizes=\"auto, (max-width: 768px) 100vw, 768px\" \/><\/figure>\n\n\n\n<figure class=\"wp-block-image size-large\"><img loading=\"lazy\" decoding=\"async\" width=\"768\" height=\"1024\" data-id=\"10363\" src=\"https:\/\/przylep.edu.pl\/przedszkole\/wp-content\/uploads\/2024\/05\/440785865_7533039080077708_4541810852772126180_n-768x1024.jpg\" alt=\"\" class=\"wp-image-10363\" srcset=\"https:\/\/przylep.edu.pl\/przedszkole\/wp-content\/uploads\/2024\/05\/440785865_7533039080077708_4541810852772126180_n-768x1024.jpg 768w, https:\/\/przylep.edu.pl\/przedszkole\/wp-content\/uploads\/2024\/05\/440785865_7533039080077708_4541810852772126180_n-225x300.jpg 225w, https:\/\/przylep.edu.pl\/przedszkole\/wp-content\/uploads\/2024\/05\/440785865_7533039080077708_4541810852772126180_n-1152x1536.jpg 1152w, https:\/\/przylep.edu.pl\/przedszkole\/wp-content\/uploads\/2024\/05\/440785865_7533039080077708_4541810852772126180_n.jpg 1536w\" sizes=\"auto, (max-width: 768px) 100vw, 768px\" \/><\/figure>\n<\/figure>\n\n\n\n<figure class=\"wp-block-gallery has-nested-images columns-default is-cropped wp-block-gallery-4 is-layout-flex wp-block-gallery-is-layout-flex\">\n<figure class=\"wp-block-image size-large\"><img loading=\"lazy\" decoding=\"async\" width=\"1024\" height=\"768\" data-id=\"10364\" src=\"https:\/\/przylep.edu.pl\/przedszkole\/wp-content\/uploads\/2024\/05\/441297523_7533054156742867_5349568148057962576_n-1024x768.jpg\" alt=\"\" class=\"wp-image-10364\" srcset=\"https:\/\/przylep.edu.pl\/przedszkole\/wp-content\/uploads\/2024\/05\/441297523_7533054156742867_5349568148057962576_n-1024x768.jpg 1024w, https:\/\/przylep.edu.pl\/przedszkole\/wp-content\/uploads\/2024\/05\/441297523_7533054156742867_5349568148057962576_n-300x225.jpg 300w, https:\/\/przylep.edu.pl\/przedszkole\/wp-content\/uploads\/2024\/05\/441297523_7533054156742867_5349568148057962576_n-768x576.jpg 768w, https:\/\/przylep.edu.pl\/przedszkole\/wp-content\/uploads\/2024\/05\/441297523_7533054156742867_5349568148057962576_n-1536x1152.jpg 1536w, https:\/\/przylep.edu.pl\/przedszkole\/wp-content\/uploads\/2024\/05\/441297523_7533054156742867_5349568148057962576_n-600x450.jpg 600w, https:\/\/przylep.edu.pl\/przedszkole\/wp-content\/uploads\/2024\/05\/441297523_7533054156742867_5349568148057962576_n.jpg 2048w\" sizes=\"auto, (max-width: 1024px) 100vw, 1024px\" \/><\/figure>\n<\/figure>\n\n\n\n<figure class=\"wp-block-gallery has-nested-images columns-default is-cropped wp-block-gallery-5 is-layout-flex wp-block-gallery-is-layout-flex\">\n<figure class=\"wp-block-image size-large\"><img loading=\"lazy\" decoding=\"async\" width=\"768\" height=\"1024\" data-id=\"10366\" src=\"https:\/\/przylep.edu.pl\/przedszkole\/wp-content\/uploads\/2024\/05\/441281365_7533051500076466_8849989742912958643_n-768x1024.jpg\" alt=\"\" class=\"wp-image-10366\" srcset=\"https:\/\/przylep.edu.pl\/przedszkole\/wp-content\/uploads\/2024\/05\/441281365_7533051500076466_8849989742912958643_n-768x1024.jpg 768w, https:\/\/przylep.edu.pl\/przedszkole\/wp-content\/uploads\/2024\/05\/441281365_7533051500076466_8849989742912958643_n-225x300.jpg 225w, https:\/\/przylep.edu.pl\/przedszkole\/wp-content\/uploads\/2024\/05\/441281365_7533051500076466_8849989742912958643_n-1152x1536.jpg 1152w, https:\/\/przylep.edu.pl\/przedszkole\/wp-content\/uploads\/2024\/05\/441281365_7533051500076466_8849989742912958643_n.jpg 1536w\" sizes=\"auto, (max-width: 768px) 100vw, 768px\" \/><\/figure>\n\n\n\n<figure class=\"wp-block-image size-large\"><img loading=\"lazy\" decoding=\"async\" width=\"768\" height=\"1024\" data-id=\"10365\" src=\"https:\/\/przylep.edu.pl\/przedszkole\/wp-content\/uploads\/2024\/05\/441306910_7533018793413070_262182568556805850_n-768x1024.jpg\" alt=\"\" class=\"wp-image-10365\" srcset=\"https:\/\/przylep.edu.pl\/przedszkole\/wp-content\/uploads\/2024\/05\/441306910_7533018793413070_262182568556805850_n-768x1024.jpg 768w, https:\/\/przylep.edu.pl\/przedszkole\/wp-content\/uploads\/2024\/05\/441306910_7533018793413070_262182568556805850_n-225x300.jpg 225w, https:\/\/przylep.edu.pl\/przedszkole\/wp-content\/uploads\/2024\/05\/441306910_7533018793413070_262182568556805850_n-1152x1536.jpg 1152w, https:\/\/przylep.edu.pl\/przedszkole\/wp-content\/uploads\/2024\/05\/441306910_7533018793413070_262182568556805850_n.jpg 1536w\" sizes=\"auto, (max-width: 768px) 100vw, 768px\" \/><\/figure>\n<\/figure>\n\n\n\n<figure class=\"wp-block-gallery has-nested-images columns-default is-cropped wp-block-gallery-6 is-layout-flex wp-block-gallery-is-layout-flex\">\n<figure class=\"wp-block-image size-large\"><img loading=\"lazy\" decoding=\"async\" width=\"1024\" height=\"768\" data-id=\"10367\" src=\"https:\/\/przylep.edu.pl\/przedszkole\/wp-content\/uploads\/2024\/05\/441316105_7533043906743892_398789572351261026_n-1024x768.jpg\" alt=\"\" class=\"wp-image-10367\" srcset=\"https:\/\/przylep.edu.pl\/przedszkole\/wp-content\/uploads\/2024\/05\/441316105_7533043906743892_398789572351261026_n-1024x768.jpg 1024w, https:\/\/przylep.edu.pl\/przedszkole\/wp-content\/uploads\/2024\/05\/441316105_7533043906743892_398789572351261026_n-300x225.jpg 300w, https:\/\/przylep.edu.pl\/przedszkole\/wp-content\/uploads\/2024\/05\/441316105_7533043906743892_398789572351261026_n-768x576.jpg 768w, https:\/\/przylep.edu.pl\/przedszkole\/wp-content\/uploads\/2024\/05\/441316105_7533043906743892_398789572351261026_n-1536x1152.jpg 1536w, https:\/\/przylep.edu.pl\/przedszkole\/wp-content\/uploads\/2024\/05\/441316105_7533043906743892_398789572351261026_n-600x450.jpg 600w, https:\/\/przylep.edu.pl\/przedszkole\/wp-content\/uploads\/2024\/05\/441316105_7533043906743892_398789572351261026_n.jpg 2048w\" sizes=\"auto, (max-width: 1024px) 100vw, 1024px\" \/><\/figure>\n<\/figure>\n\n\n\n<figure class=\"wp-block-gallery has-nested-images columns-default is-cropped wp-block-gallery-7 is-layout-flex wp-block-gallery-is-layout-flex\">\n<figure class=\"wp-block-image size-large\"><img loading=\"lazy\" decoding=\"async\" width=\"768\" height=\"1024\" data-id=\"10368\" src=\"https:\/\/przylep.edu.pl\/przedszkole\/wp-content\/uploads\/2024\/05\/441322122_7533038780077738_637277677220296089_n-768x1024.jpg\" alt=\"\" class=\"wp-image-10368\" srcset=\"https:\/\/przylep.edu.pl\/przedszkole\/wp-content\/uploads\/2024\/05\/441322122_7533038780077738_637277677220296089_n-768x1024.jpg 768w, https:\/\/przylep.edu.pl\/przedszkole\/wp-content\/uploads\/2024\/05\/441322122_7533038780077738_637277677220296089_n-225x300.jpg 225w, https:\/\/przylep.edu.pl\/przedszkole\/wp-content\/uploads\/2024\/05\/441322122_7533038780077738_637277677220296089_n-1152x1536.jpg 1152w, https:\/\/przylep.edu.pl\/przedszkole\/wp-content\/uploads\/2024\/05\/441322122_7533038780077738_637277677220296089_n.jpg 1536w\" sizes=\"auto, (max-width: 768px) 100vw, 768px\" \/><\/figure>\n<\/figure>\n\n\n\n<figure class=\"wp-block-gallery has-nested-images columns-default is-cropped wp-block-gallery-8 is-layout-flex wp-block-gallery-is-layout-flex\">\n<figure class=\"wp-block-image size-large\"><img loading=\"lazy\" decoding=\"async\" width=\"1024\" height=\"768\" data-id=\"10370\" src=\"https:\/\/przylep.edu.pl\/przedszkole\/wp-content\/uploads\/2024\/05\/441384300_7533040266744256_6897117740037496863_n-1024x768.jpg\" alt=\"\" class=\"wp-image-10370\" srcset=\"https:\/\/przylep.edu.pl\/przedszkole\/wp-content\/uploads\/2024\/05\/441384300_7533040266744256_6897117740037496863_n-1024x768.jpg 1024w, https:\/\/przylep.edu.pl\/przedszkole\/wp-content\/uploads\/2024\/05\/441384300_7533040266744256_6897117740037496863_n-300x225.jpg 300w, https:\/\/przylep.edu.pl\/przedszkole\/wp-content\/uploads\/2024\/05\/441384300_7533040266744256_6897117740037496863_n-768x576.jpg 768w, https:\/\/przylep.edu.pl\/przedszkole\/wp-content\/uploads\/2024\/05\/441384300_7533040266744256_6897117740037496863_n-1536x1152.jpg 1536w, https:\/\/przylep.edu.pl\/przedszkole\/wp-content\/uploads\/2024\/05\/441384300_7533040266744256_6897117740037496863_n-600x450.jpg 600w, https:\/\/przylep.edu.pl\/przedszkole\/wp-content\/uploads\/2024\/05\/441384300_7533040266744256_6897117740037496863_n.jpg 2048w\" sizes=\"auto, (max-width: 1024px) 100vw, 1024px\" \/><\/figure>\n\n\n\n<figure class=\"wp-block-image size-large\"><img loading=\"lazy\" decoding=\"async\" width=\"1024\" height=\"768\" data-id=\"10369\" src=\"https:\/\/przylep.edu.pl\/przedszkole\/wp-content\/uploads\/2024\/05\/b3401272-c447-4968-82ca-fc50caf0d267-1024x768.jpg\" alt=\"\" class=\"wp-image-10369\" srcset=\"https:\/\/przylep.edu.pl\/przedszkole\/wp-content\/uploads\/2024\/05\/b3401272-c447-4968-82ca-fc50caf0d267-1024x768.jpg 1024w, https:\/\/przylep.edu.pl\/przedszkole\/wp-content\/uploads\/2024\/05\/b3401272-c447-4968-82ca-fc50caf0d267-300x225.jpg 300w, https:\/\/przylep.edu.pl\/przedszkole\/wp-content\/uploads\/2024\/05\/b3401272-c447-4968-82ca-fc50caf0d267-768x576.jpg 768w, https:\/\/przylep.edu.pl\/przedszkole\/wp-content\/uploads\/2024\/05\/b3401272-c447-4968-82ca-fc50caf0d267-1536x1152.jpg 1536w, https:\/\/przylep.edu.pl\/przedszkole\/wp-content\/uploads\/2024\/05\/b3401272-c447-4968-82ca-fc50caf0d267-600x450.jpg 600w, https:\/\/przylep.edu.pl\/przedszkole\/wp-content\/uploads\/2024\/05\/b3401272-c447-4968-82ca-fc50caf0d267.jpg 2048w\" sizes=\"auto, (max-width: 1024px) 100vw, 1024px\" \/><\/figure>\n<\/figure>\n","protected":false},"excerpt":{"rendered":"<p>7 maja grupa srebrna wraz z grup\u0105 limonow\u0105 wybra\u0142y si\u0119 do Morskiego centrum Nauki, a dok\u0142adniej do Planetarium. Dzieci obejrza\u0142y film pt. \u201dMagiczny Globus\u201d. Z filmu mo\u017cna by\u0142o si\u0119 dowiedzie\u0107 r\u00f3\u017cnych zjawisk, z kt\u00f3rymi mamy do czynienia na co dzie\u0144, ale zwykle nie przywi\u0105zujemy uwag\u0119 do tego, dlaczego tak si\u0119 dzieje. Chodzi mi\u0119dzy innymi o [&hellip;]<\/p>\n","protected":false},"author":2,"featured_media":10371,"comment_status":"closed","ping_status":"open","sticky":false,"template":"","format":"standard","meta":{"footnotes":""},"categories":[45,41,40],"tags":[],"class_list":["post-10359","post","type-post","status-publish","format-standard","has-post-thumbnail","hentry","category-aktualnosci","category-galerie","category-strona-glowna"],"_links":{"self":[{"href":"https:\/\/przylep.edu.pl\/przedszkole\/wp-json\/wp\/v2\/posts\/10359","targetHints":{"allow":["GET"]}}],"collection":[{"href":"https:\/\/przylep.edu.pl\/przedszkole\/wp-json\/wp\/v2\/posts"}],"about":[{"href":"https:\/\/przylep.edu.pl\/przedszkole\/wp-json\/wp\/v2\/types\/post"}],"author":[{"embeddable":true,"href":"https:\/\/przylep.edu.pl\/przedszkole\/wp-json\/wp\/v2\/users\/2"}],"replies":[{"embeddable":true,"href":"https:\/\/przylep.edu.pl\/przedszkole\/wp-json\/wp\/v2\/comments?post=10359"}],"version-history":[{"count":1,"href":"https:\/\/przylep.edu.pl\/przedszkole\/wp-json\/wp\/v2\/posts\/10359\/revisions"}],"predecessor-version":[{"id":10372,"href":"https:\/\/przylep.edu.pl\/przedszkole\/wp-json\/wp\/v2\/posts\/10359\/revisions\/10372"}],"wp:featuredmedia":[{"embeddable":true,"href":"https:\/\/przylep.edu.pl\/przedszkole\/wp-json\/wp\/v2\/media\/10371"}],"wp:attachment":[{"href":"https:\/\/przylep.edu.pl\/przedszkole\/wp-json\/wp\/v2\/media?parent=10359"}],"wp:term":[{"taxonomy":"category","embeddable":true,"href":"https:\/\/przylep.edu.pl\/przedszkole\/wp-json\/wp\/v2\/categories?post=10359"},{"taxonomy":"post_tag","embeddable":true,"href":"https:\/\/przylep.edu.pl\/przedszkole\/wp-json\/wp\/v2\/tags?post=10359"}],"curies":[{"name":"wp","href":"https:\/\/api.w.org\/{rel}","templated":true}]}}