{"id":10349,"date":"2024-05-09T20:37:46","date_gmt":"2024-05-09T18:37:46","guid":{"rendered":"https:\/\/przylep.edu.pl\/przedszkole\/?p=10349"},"modified":"2024-05-26T20:50:18","modified_gmt":"2024-05-26T18:50:18","slug":"zerowki-w-centrum-nauki-filary","status":"publish","type":"post","link":"https:\/\/przylep.edu.pl\/przedszkole\/2024\/05\/09\/zerowki-w-centrum-nauki-filary\/","title":{"rendered":"Zer\u00f3wki w Centrum Nauki Filary"},"content":{"rendered":"\n<p>6 maja, grupa niebieska i \u017c\u00f3\u0142ta wybra\u0142y si\u0119 do Stargardzkiego Centrum Nauki Filary.<br>W tym niezwyk\u0142ym miejscu \u0142\u0105cz\u0105cym ze sob\u0105 histori\u0119, nauk\u0119 i innowacje, dzieci dowiedzia\u0142y si\u0119, \u017ce zdobywanie wiedzy poprzez eksploracje interaktywnych wystaw mo\u017ce by\u0107 bardzo ekscytuj\u0105ce. Ch\u0142opcy i dziewczynki podczas pobytu w Filarach mogli wcieli\u0107 si\u0119 w rol\u0119 mieszka\u0144ca \u015bredniowiecznego Stargardu i dowiedzie\u0107 si\u0119, jak \u017cyli ich przodkowie. Nast\u0119pnie, na kolejnym pi\u0119trze mogli na w\u0142asnej sk\u00f3rze do\u015bwiadczy\u0107 praw fizyki i znale\u017a\u0107 odpowiedz na pytanie, do czego w \u017cyciu przyda im si\u0119 matematyka. Aby w ko\u0144cu na najwy\u017cszym poziomie do\u0142\u0105czy\u0107 do innowator\u00f3w, wsp\u00f3\u0142czesnych wynalazc\u00f3w i technik\u00f3w, kt\u00f3rzy wprowadzili ich w \u015bwiat robot\u00f3w i nowoczesnych technologii. Jednak to nie by\u0142 koniec atrakcji w tym wyj\u0105tkowym miejscu, bowiem dzieci mog\u0142y zamieni\u0107 si\u0119 w ma\u0142ych chemik\u00f3w i wykona\u0107 kilka do\u015bwiadcze\u0144 chemicznych. Wszyscy bawili si\u0119 w tym miejscu \u015bwietnie i nikt nie zauwa\u017cy\u0142, kiedy ten czas tak szybko min\u0105\u0142 i trzeba by\u0142o ju\u017c wraca\u0107 do przedszkola\u2026<\/p>\n\n\n\n<figure class=\"wp-block-gallery has-nested-images columns-default is-cropped wp-block-gallery-1 is-layout-flex wp-block-gallery-is-layout-flex\">\n<figure class=\"wp-block-image size-large\"><img loading=\"lazy\" decoding=\"async\" width=\"1024\" height=\"577\" data-id=\"10350\" src=\"https:\/\/przylep.edu.pl\/przedszkole\/wp-content\/uploads\/2024\/05\/34bd3bcb-1c60-4e5f-bcbe-3f9717d9cebb-1024x577.jpg\" alt=\"\" class=\"wp-image-10350\" srcset=\"https:\/\/przylep.edu.pl\/przedszkole\/wp-content\/uploads\/2024\/05\/34bd3bcb-1c60-4e5f-bcbe-3f9717d9cebb-1024x577.jpg 1024w, https:\/\/przylep.edu.pl\/przedszkole\/wp-content\/uploads\/2024\/05\/34bd3bcb-1c60-4e5f-bcbe-3f9717d9cebb-300x169.jpg 300w, https:\/\/przylep.edu.pl\/przedszkole\/wp-content\/uploads\/2024\/05\/34bd3bcb-1c60-4e5f-bcbe-3f9717d9cebb-768x433.jpg 768w, https:\/\/przylep.edu.pl\/przedszkole\/wp-content\/uploads\/2024\/05\/34bd3bcb-1c60-4e5f-bcbe-3f9717d9cebb-1536x865.jpg 1536w, https:\/\/przylep.edu.pl\/przedszkole\/wp-content\/uploads\/2024\/05\/34bd3bcb-1c60-4e5f-bcbe-3f9717d9cebb.jpg 1734w\" sizes=\"auto, (max-width: 1024px) 100vw, 1024px\" \/><\/figure>\n<\/figure>\n\n\n\n<figure class=\"wp-block-gallery has-nested-images columns-default is-cropped wp-block-gallery-2 is-layout-flex wp-block-gallery-is-layout-flex\">\n<figure class=\"wp-block-image size-large\"><img loading=\"lazy\" decoding=\"async\" width=\"768\" height=\"1024\" data-id=\"10351\" src=\"https:\/\/przylep.edu.pl\/przedszkole\/wp-content\/uploads\/2024\/05\/00f6be1b-2566-4a48-b990-959f48a96184-768x1024.jpg\" alt=\"\" class=\"wp-image-10351\" srcset=\"https:\/\/przylep.edu.pl\/przedszkole\/wp-content\/uploads\/2024\/05\/00f6be1b-2566-4a48-b990-959f48a96184-768x1024.jpg 768w, https:\/\/przylep.edu.pl\/przedszkole\/wp-content\/uploads\/2024\/05\/00f6be1b-2566-4a48-b990-959f48a96184-225x300.jpg 225w, https:\/\/przylep.edu.pl\/przedszkole\/wp-content\/uploads\/2024\/05\/00f6be1b-2566-4a48-b990-959f48a96184-1152x1536.jpg 1152w, https:\/\/przylep.edu.pl\/przedszkole\/wp-content\/uploads\/2024\/05\/00f6be1b-2566-4a48-b990-959f48a96184.jpg 1536w\" sizes=\"auto, (max-width: 768px) 100vw, 768px\" \/><\/figure>\n\n\n\n<figure class=\"wp-block-image size-large\"><img loading=\"lazy\" decoding=\"async\" width=\"577\" height=\"1024\" data-id=\"10352\" src=\"https:\/\/przylep.edu.pl\/przedszkole\/wp-content\/uploads\/2024\/05\/3b11b0d0-b7a4-4681-b000-9e44b0c6cc2e-577x1024.jpg\" alt=\"\" class=\"wp-image-10352\" srcset=\"https:\/\/przylep.edu.pl\/przedszkole\/wp-content\/uploads\/2024\/05\/3b11b0d0-b7a4-4681-b000-9e44b0c6cc2e-577x1024.jpg 577w, https:\/\/przylep.edu.pl\/przedszkole\/wp-content\/uploads\/2024\/05\/3b11b0d0-b7a4-4681-b000-9e44b0c6cc2e-169x300.jpg 169w, https:\/\/przylep.edu.pl\/przedszkole\/wp-content\/uploads\/2024\/05\/3b11b0d0-b7a4-4681-b000-9e44b0c6cc2e-768x1363.jpg 768w, https:\/\/przylep.edu.pl\/przedszkole\/wp-content\/uploads\/2024\/05\/3b11b0d0-b7a4-4681-b000-9e44b0c6cc2e-865x1536.jpg 865w, https:\/\/przylep.edu.pl\/przedszkole\/wp-content\/uploads\/2024\/05\/3b11b0d0-b7a4-4681-b000-9e44b0c6cc2e-rotated.jpg 977w\" sizes=\"auto, (max-width: 577px) 100vw, 577px\" \/><\/figure>\n<\/figure>\n\n\n\n<figure class=\"wp-block-gallery has-nested-images columns-default is-cropped wp-block-gallery-3 is-layout-flex wp-block-gallery-is-layout-flex\">\n<figure class=\"wp-block-image size-large\"><img loading=\"lazy\" decoding=\"async\" width=\"1024\" height=\"768\" data-id=\"10353\" src=\"https:\/\/przylep.edu.pl\/przedszkole\/wp-content\/uploads\/2024\/05\/981c5268-415c-418a-9dc1-76cbac5fa001-1024x768.jpg\" alt=\"\" class=\"wp-image-10353\" srcset=\"https:\/\/przylep.edu.pl\/przedszkole\/wp-content\/uploads\/2024\/05\/981c5268-415c-418a-9dc1-76cbac5fa001-1024x768.jpg 1024w, https:\/\/przylep.edu.pl\/przedszkole\/wp-content\/uploads\/2024\/05\/981c5268-415c-418a-9dc1-76cbac5fa001-300x225.jpg 300w, https:\/\/przylep.edu.pl\/przedszkole\/wp-content\/uploads\/2024\/05\/981c5268-415c-418a-9dc1-76cbac5fa001-768x576.jpg 768w, https:\/\/przylep.edu.pl\/przedszkole\/wp-content\/uploads\/2024\/05\/981c5268-415c-418a-9dc1-76cbac5fa001-1536x1152.jpg 1536w, https:\/\/przylep.edu.pl\/przedszkole\/wp-content\/uploads\/2024\/05\/981c5268-415c-418a-9dc1-76cbac5fa001-600x450.jpg 600w, https:\/\/przylep.edu.pl\/przedszkole\/wp-content\/uploads\/2024\/05\/981c5268-415c-418a-9dc1-76cbac5fa001.jpg 2048w\" sizes=\"auto, (max-width: 1024px) 100vw, 1024px\" \/><\/figure>\n<\/figure>\n\n\n\n<figure class=\"wp-block-gallery has-nested-images columns-default is-cropped wp-block-gallery-4 is-layout-flex wp-block-gallery-is-layout-flex\">\n<figure class=\"wp-block-image size-large\"><img loading=\"lazy\" decoding=\"async\" width=\"1024\" height=\"577\" data-id=\"10354\" src=\"https:\/\/przylep.edu.pl\/przedszkole\/wp-content\/uploads\/2024\/05\/4eb016bf-f689-4f2c-b1b2-e038a862ee13-1024x577.jpg\" alt=\"\" class=\"wp-image-10354\" srcset=\"https:\/\/przylep.edu.pl\/przedszkole\/wp-content\/uploads\/2024\/05\/4eb016bf-f689-4f2c-b1b2-e038a862ee13-1024x577.jpg 1024w, https:\/\/przylep.edu.pl\/przedszkole\/wp-content\/uploads\/2024\/05\/4eb016bf-f689-4f2c-b1b2-e038a862ee13-300x169.jpg 300w, https:\/\/przylep.edu.pl\/przedszkole\/wp-content\/uploads\/2024\/05\/4eb016bf-f689-4f2c-b1b2-e038a862ee13-768x433.jpg 768w, https:\/\/przylep.edu.pl\/przedszkole\/wp-content\/uploads\/2024\/05\/4eb016bf-f689-4f2c-b1b2-e038a862ee13-1536x865.jpg 1536w, https:\/\/przylep.edu.pl\/przedszkole\/wp-content\/uploads\/2024\/05\/4eb016bf-f689-4f2c-b1b2-e038a862ee13.jpg 1734w\" sizes=\"auto, (max-width: 1024px) 100vw, 1024px\" \/><\/figure>\n<\/figure>\n\n\n\n<figure class=\"wp-block-gallery has-nested-images columns-default is-cropped wp-block-gallery-5 is-layout-flex wp-block-gallery-is-layout-flex\">\n<figure class=\"wp-block-image size-large\"><img loading=\"lazy\" decoding=\"async\" width=\"1024\" height=\"768\" data-id=\"10355\" src=\"https:\/\/przylep.edu.pl\/przedszkole\/wp-content\/uploads\/2024\/05\/2e5fc6b0-26de-45b2-bcc6-7d6e67689b1e-1024x768.jpg\" alt=\"\" class=\"wp-image-10355\" srcset=\"https:\/\/przylep.edu.pl\/przedszkole\/wp-content\/uploads\/2024\/05\/2e5fc6b0-26de-45b2-bcc6-7d6e67689b1e-1024x768.jpg 1024w, https:\/\/przylep.edu.pl\/przedszkole\/wp-content\/uploads\/2024\/05\/2e5fc6b0-26de-45b2-bcc6-7d6e67689b1e-300x225.jpg 300w, https:\/\/przylep.edu.pl\/przedszkole\/wp-content\/uploads\/2024\/05\/2e5fc6b0-26de-45b2-bcc6-7d6e67689b1e-768x576.jpg 768w, https:\/\/przylep.edu.pl\/przedszkole\/wp-content\/uploads\/2024\/05\/2e5fc6b0-26de-45b2-bcc6-7d6e67689b1e-1536x1152.jpg 1536w, https:\/\/przylep.edu.pl\/przedszkole\/wp-content\/uploads\/2024\/05\/2e5fc6b0-26de-45b2-bcc6-7d6e67689b1e-600x450.jpg 600w, https:\/\/przylep.edu.pl\/przedszkole\/wp-content\/uploads\/2024\/05\/2e5fc6b0-26de-45b2-bcc6-7d6e67689b1e.jpg 2048w\" sizes=\"auto, (max-width: 1024px) 100vw, 1024px\" \/><\/figure>\n<\/figure>\n","protected":false},"excerpt":{"rendered":"<p>6 maja, grupa niebieska i \u017c\u00f3\u0142ta wybra\u0142y si\u0119 do Stargardzkiego Centrum Nauki Filary.W tym niezwyk\u0142ym miejscu \u0142\u0105cz\u0105cym ze sob\u0105 histori\u0119, nauk\u0119 i innowacje, dzieci dowiedzia\u0142y si\u0119, \u017ce zdobywanie wiedzy poprzez eksploracje interaktywnych wystaw mo\u017ce by\u0107 bardzo ekscytuj\u0105ce. Ch\u0142opcy i dziewczynki podczas pobytu w Filarach mogli wcieli\u0107 si\u0119 w rol\u0119 mieszka\u0144ca \u015bredniowiecznego Stargardu i dowiedzie\u0107 si\u0119, [&hellip;]<\/p>\n","protected":false},"author":2,"featured_media":10356,"comment_status":"closed","ping_status":"open","sticky":false,"template":"","format":"standard","meta":{"footnotes":""},"categories":[45,41,40],"tags":[],"class_list":["post-10349","post","type-post","status-publish","format-standard","has-post-thumbnail","hentry","category-aktualnosci","category-galerie","category-strona-glowna"],"_links":{"self":[{"href":"https:\/\/przylep.edu.pl\/przedszkole\/wp-json\/wp\/v2\/posts\/10349","targetHints":{"allow":["GET"]}}],"collection":[{"href":"https:\/\/przylep.edu.pl\/przedszkole\/wp-json\/wp\/v2\/posts"}],"about":[{"href":"https:\/\/przylep.edu.pl\/przedszkole\/wp-json\/wp\/v2\/types\/post"}],"author":[{"embeddable":true,"href":"https:\/\/przylep.edu.pl\/przedszkole\/wp-json\/wp\/v2\/users\/2"}],"replies":[{"embeddable":true,"href":"https:\/\/przylep.edu.pl\/przedszkole\/wp-json\/wp\/v2\/comments?post=10349"}],"version-history":[{"count":1,"href":"https:\/\/przylep.edu.pl\/przedszkole\/wp-json\/wp\/v2\/posts\/10349\/revisions"}],"predecessor-version":[{"id":10357,"href":"https:\/\/przylep.edu.pl\/przedszkole\/wp-json\/wp\/v2\/posts\/10349\/revisions\/10357"}],"wp:featuredmedia":[{"embeddable":true,"href":"https:\/\/przylep.edu.pl\/przedszkole\/wp-json\/wp\/v2\/media\/10356"}],"wp:attachment":[{"href":"https:\/\/przylep.edu.pl\/przedszkole\/wp-json\/wp\/v2\/media?parent=10349"}],"wp:term":[{"taxonomy":"category","embeddable":true,"href":"https:\/\/przylep.edu.pl\/przedszkole\/wp-json\/wp\/v2\/categories?post=10349"},{"taxonomy":"post_tag","embeddable":true,"href":"https:\/\/przylep.edu.pl\/przedszkole\/wp-json\/wp\/v2\/tags?post=10349"}],"curies":[{"name":"wp","href":"https:\/\/api.w.org\/{rel}","templated":true}]}}