{"id":10326,"date":"2024-04-30T20:11:45","date_gmt":"2024-04-30T18:11:45","guid":{"rendered":"https:\/\/przylep.edu.pl\/przedszkole\/?p=10326"},"modified":"2024-05-26T20:21:44","modified_gmt":"2024-05-26T18:21:44","slug":"warsztaty-moje-cialo","status":"publish","type":"post","link":"https:\/\/przylep.edu.pl\/przedszkole\/2024\/04\/30\/warsztaty-moje-cialo\/","title":{"rendered":"Warsztaty &#8222;Moje cia\u0142o&#8221;"},"content":{"rendered":"\n<p>Warsztaty \u201eMoje cia\u0142o\u201d Przed d\u0142ugim weekendem majowym dzieci z grupy \u017c\u00f3\u0142tej i niebieskiej uczestniczy\u0142y w zaj\u0119ciach z pani\u0105 fizjoterapeutk\u0105. Podczas warsztat\u00f3w dzieci zag\u0142\u0119bia\u0142y wiedz\u0119 nt. budowy uk\u0142adu kostnego i mi\u0119\u015bniowego cz\u0142owieka poprzez aktywne dzia\u0142ania. Przedsi\u0119wzi\u0119cie zosta\u0142o sfinansowane przez Rad\u0119 Rodzic\u00f3w. <\/p>\n\n\n\n<figure class=\"wp-block-gallery has-nested-images columns-default is-cropped wp-block-gallery-1 is-layout-flex wp-block-gallery-is-layout-flex\">\n<figure class=\"wp-block-image size-large\"><img loading=\"lazy\" decoding=\"async\" width=\"1024\" height=\"768\" data-id=\"10328\" src=\"https:\/\/przylep.edu.pl\/przedszkole\/wp-content\/uploads\/2024\/05\/d61090ea-302f-4cd5-9c5e-a48a51fa2957-1024x768.jpg\" alt=\"\" class=\"wp-image-10328\" srcset=\"https:\/\/przylep.edu.pl\/przedszkole\/wp-content\/uploads\/2024\/05\/d61090ea-302f-4cd5-9c5e-a48a51fa2957-1024x768.jpg 1024w, https:\/\/przylep.edu.pl\/przedszkole\/wp-content\/uploads\/2024\/05\/d61090ea-302f-4cd5-9c5e-a48a51fa2957-300x225.jpg 300w, https:\/\/przylep.edu.pl\/przedszkole\/wp-content\/uploads\/2024\/05\/d61090ea-302f-4cd5-9c5e-a48a51fa2957-768x576.jpg 768w, https:\/\/przylep.edu.pl\/przedszkole\/wp-content\/uploads\/2024\/05\/d61090ea-302f-4cd5-9c5e-a48a51fa2957-1536x1152.jpg 1536w, https:\/\/przylep.edu.pl\/przedszkole\/wp-content\/uploads\/2024\/05\/d61090ea-302f-4cd5-9c5e-a48a51fa2957-600x450.jpg 600w, https:\/\/przylep.edu.pl\/przedszkole\/wp-content\/uploads\/2024\/05\/d61090ea-302f-4cd5-9c5e-a48a51fa2957.jpg 2048w\" sizes=\"auto, (max-width: 1024px) 100vw, 1024px\" \/><\/figure>\n<\/figure>\n\n\n\n<figure class=\"wp-block-image size-large\"><img loading=\"lazy\" decoding=\"async\" width=\"1024\" height=\"577\" src=\"https:\/\/przylep.edu.pl\/przedszkole\/wp-content\/uploads\/2024\/05\/e6d0e2de-8742-4637-8647-ce233ac377c6-1024x577.jpg\" alt=\"\" class=\"wp-image-10329\" srcset=\"https:\/\/przylep.edu.pl\/przedszkole\/wp-content\/uploads\/2024\/05\/e6d0e2de-8742-4637-8647-ce233ac377c6-1024x577.jpg 1024w, https:\/\/przylep.edu.pl\/przedszkole\/wp-content\/uploads\/2024\/05\/e6d0e2de-8742-4637-8647-ce233ac377c6-300x169.jpg 300w, https:\/\/przylep.edu.pl\/przedszkole\/wp-content\/uploads\/2024\/05\/e6d0e2de-8742-4637-8647-ce233ac377c6-768x433.jpg 768w, https:\/\/przylep.edu.pl\/przedszkole\/wp-content\/uploads\/2024\/05\/e6d0e2de-8742-4637-8647-ce233ac377c6-1536x865.jpg 1536w, https:\/\/przylep.edu.pl\/przedszkole\/wp-content\/uploads\/2024\/05\/e6d0e2de-8742-4637-8647-ce233ac377c6.jpg 1734w\" sizes=\"auto, (max-width: 1024px) 100vw, 1024px\" \/><\/figure>\n\n\n\n<figure class=\"wp-block-gallery has-nested-images columns-default is-cropped wp-block-gallery-2 is-layout-flex wp-block-gallery-is-layout-flex\">\n<figure class=\"wp-block-image size-large\"><img loading=\"lazy\" decoding=\"async\" width=\"768\" height=\"1024\" data-id=\"10330\" src=\"https:\/\/przylep.edu.pl\/przedszkole\/wp-content\/uploads\/2024\/05\/0eaa8efd-e4a7-461c-bfb1-d3df85ac76f8-768x1024.jpg\" alt=\"\" class=\"wp-image-10330\" srcset=\"https:\/\/przylep.edu.pl\/przedszkole\/wp-content\/uploads\/2024\/05\/0eaa8efd-e4a7-461c-bfb1-d3df85ac76f8-768x1024.jpg 768w, https:\/\/przylep.edu.pl\/przedszkole\/wp-content\/uploads\/2024\/05\/0eaa8efd-e4a7-461c-bfb1-d3df85ac76f8-225x300.jpg 225w, https:\/\/przylep.edu.pl\/przedszkole\/wp-content\/uploads\/2024\/05\/0eaa8efd-e4a7-461c-bfb1-d3df85ac76f8-1152x1536.jpg 1152w, https:\/\/przylep.edu.pl\/przedszkole\/wp-content\/uploads\/2024\/05\/0eaa8efd-e4a7-461c-bfb1-d3df85ac76f8.jpg 1536w\" sizes=\"auto, (max-width: 768px) 100vw, 768px\" \/><\/figure>\n\n\n\n<figure class=\"wp-block-image size-large\"><img loading=\"lazy\" decoding=\"async\" width=\"768\" height=\"1024\" data-id=\"10331\" src=\"https:\/\/przylep.edu.pl\/przedszkole\/wp-content\/uploads\/2024\/05\/12e6e41c-3cb4-43ed-b1e4-626dadfc4569-768x1024.jpg\" alt=\"\" class=\"wp-image-10331\" srcset=\"https:\/\/przylep.edu.pl\/przedszkole\/wp-content\/uploads\/2024\/05\/12e6e41c-3cb4-43ed-b1e4-626dadfc4569-768x1024.jpg 768w, https:\/\/przylep.edu.pl\/przedszkole\/wp-content\/uploads\/2024\/05\/12e6e41c-3cb4-43ed-b1e4-626dadfc4569-225x300.jpg 225w, https:\/\/przylep.edu.pl\/przedszkole\/wp-content\/uploads\/2024\/05\/12e6e41c-3cb4-43ed-b1e4-626dadfc4569-1152x1536.jpg 1152w, https:\/\/przylep.edu.pl\/przedszkole\/wp-content\/uploads\/2024\/05\/12e6e41c-3cb4-43ed-b1e4-626dadfc4569.jpg 1536w\" sizes=\"auto, (max-width: 768px) 100vw, 768px\" \/><\/figure>\n<\/figure>\n\n\n\n<figure class=\"wp-block-gallery has-nested-images columns-default is-cropped wp-block-gallery-3 is-layout-flex wp-block-gallery-is-layout-flex\">\n<figure class=\"wp-block-image size-large\"><img loading=\"lazy\" decoding=\"async\" width=\"577\" height=\"1024\" data-id=\"10333\" src=\"https:\/\/przylep.edu.pl\/przedszkole\/wp-content\/uploads\/2024\/05\/594c3eb1-8750-4cb6-89c0-b3d2ea96d295-577x1024.jpg\" alt=\"\" class=\"wp-image-10333\" srcset=\"https:\/\/przylep.edu.pl\/przedszkole\/wp-content\/uploads\/2024\/05\/594c3eb1-8750-4cb6-89c0-b3d2ea96d295-577x1024.jpg 577w, https:\/\/przylep.edu.pl\/przedszkole\/wp-content\/uploads\/2024\/05\/594c3eb1-8750-4cb6-89c0-b3d2ea96d295-169x300.jpg 169w, https:\/\/przylep.edu.pl\/przedszkole\/wp-content\/uploads\/2024\/05\/594c3eb1-8750-4cb6-89c0-b3d2ea96d295-768x1363.jpg 768w, https:\/\/przylep.edu.pl\/przedszkole\/wp-content\/uploads\/2024\/05\/594c3eb1-8750-4cb6-89c0-b3d2ea96d295-865x1536.jpg 865w, https:\/\/przylep.edu.pl\/przedszkole\/wp-content\/uploads\/2024\/05\/594c3eb1-8750-4cb6-89c0-b3d2ea96d295-rotated.jpg 977w\" sizes=\"auto, (max-width: 577px) 100vw, 577px\" \/><\/figure>\n\n\n\n<figure class=\"wp-block-image size-large\"><img loading=\"lazy\" decoding=\"async\" width=\"768\" height=\"1024\" data-id=\"10332\" src=\"https:\/\/przylep.edu.pl\/przedszkole\/wp-content\/uploads\/2024\/05\/d5b42e4f-8262-4f3b-aa32-0a02a59ff6cd-768x1024.jpg\" alt=\"\" class=\"wp-image-10332\" srcset=\"https:\/\/przylep.edu.pl\/przedszkole\/wp-content\/uploads\/2024\/05\/d5b42e4f-8262-4f3b-aa32-0a02a59ff6cd-768x1024.jpg 768w, https:\/\/przylep.edu.pl\/przedszkole\/wp-content\/uploads\/2024\/05\/d5b42e4f-8262-4f3b-aa32-0a02a59ff6cd-225x300.jpg 225w, https:\/\/przylep.edu.pl\/przedszkole\/wp-content\/uploads\/2024\/05\/d5b42e4f-8262-4f3b-aa32-0a02a59ff6cd-1152x1536.jpg 1152w, https:\/\/przylep.edu.pl\/przedszkole\/wp-content\/uploads\/2024\/05\/d5b42e4f-8262-4f3b-aa32-0a02a59ff6cd.jpg 1536w\" sizes=\"auto, (max-width: 768px) 100vw, 768px\" \/><\/figure>\n<\/figure>\n\n\n\n<figure class=\"wp-block-gallery has-nested-images columns-default is-cropped wp-block-gallery-4 is-layout-flex wp-block-gallery-is-layout-flex\">\n<figure class=\"wp-block-image size-large\"><img loading=\"lazy\" decoding=\"async\" width=\"768\" height=\"1024\" data-id=\"10334\" src=\"https:\/\/przylep.edu.pl\/przedszkole\/wp-content\/uploads\/2024\/05\/e16c25bf-555e-4e8c-8b1e-059d96c40481-768x1024.jpg\" alt=\"\" class=\"wp-image-10334\" srcset=\"https:\/\/przylep.edu.pl\/przedszkole\/wp-content\/uploads\/2024\/05\/e16c25bf-555e-4e8c-8b1e-059d96c40481-768x1024.jpg 768w, https:\/\/przylep.edu.pl\/przedszkole\/wp-content\/uploads\/2024\/05\/e16c25bf-555e-4e8c-8b1e-059d96c40481-225x300.jpg 225w, https:\/\/przylep.edu.pl\/przedszkole\/wp-content\/uploads\/2024\/05\/e16c25bf-555e-4e8c-8b1e-059d96c40481-1152x1536.jpg 1152w, https:\/\/przylep.edu.pl\/przedszkole\/wp-content\/uploads\/2024\/05\/e16c25bf-555e-4e8c-8b1e-059d96c40481.jpg 1536w\" sizes=\"auto, (max-width: 768px) 100vw, 768px\" \/><\/figure>\n\n\n\n<figure class=\"wp-block-image size-large\"><img loading=\"lazy\" decoding=\"async\" width=\"768\" height=\"1024\" data-id=\"10335\" src=\"https:\/\/przylep.edu.pl\/przedszkole\/wp-content\/uploads\/2024\/05\/e52d0641-c60e-4a71-875e-21b7fc0510b6-768x1024.jpg\" alt=\"\" class=\"wp-image-10335\" srcset=\"https:\/\/przylep.edu.pl\/przedszkole\/wp-content\/uploads\/2024\/05\/e52d0641-c60e-4a71-875e-21b7fc0510b6-768x1024.jpg 768w, https:\/\/przylep.edu.pl\/przedszkole\/wp-content\/uploads\/2024\/05\/e52d0641-c60e-4a71-875e-21b7fc0510b6-225x300.jpg 225w, https:\/\/przylep.edu.pl\/przedszkole\/wp-content\/uploads\/2024\/05\/e52d0641-c60e-4a71-875e-21b7fc0510b6-1152x1536.jpg 1152w, https:\/\/przylep.edu.pl\/przedszkole\/wp-content\/uploads\/2024\/05\/e52d0641-c60e-4a71-875e-21b7fc0510b6.jpg 1536w\" sizes=\"auto, (max-width: 768px) 100vw, 768px\" \/><\/figure>\n<\/figure>\n","protected":false},"excerpt":{"rendered":"<p>Warsztaty \u201eMoje cia\u0142o\u201d Przed d\u0142ugim weekendem majowym dzieci z grupy \u017c\u00f3\u0142tej i niebieskiej uczestniczy\u0142y w zaj\u0119ciach z pani\u0105 fizjoterapeutk\u0105. Podczas warsztat\u00f3w dzieci zag\u0142\u0119bia\u0142y wiedz\u0119 nt. budowy uk\u0142adu kostnego i mi\u0119\u015bniowego cz\u0142owieka poprzez aktywne dzia\u0142ania. Przedsi\u0119wzi\u0119cie zosta\u0142o sfinansowane przez Rad\u0119 Rodzic\u00f3w.<\/p>\n","protected":false},"author":2,"featured_media":10327,"comment_status":"closed","ping_status":"open","sticky":false,"template":"","format":"standard","meta":{"footnotes":""},"categories":[45,41,40],"tags":[],"class_list":["post-10326","post","type-post","status-publish","format-standard","has-post-thumbnail","hentry","category-aktualnosci","category-galerie","category-strona-glowna"],"_links":{"self":[{"href":"https:\/\/przylep.edu.pl\/przedszkole\/wp-json\/wp\/v2\/posts\/10326","targetHints":{"allow":["GET"]}}],"collection":[{"href":"https:\/\/przylep.edu.pl\/przedszkole\/wp-json\/wp\/v2\/posts"}],"about":[{"href":"https:\/\/przylep.edu.pl\/przedszkole\/wp-json\/wp\/v2\/types\/post"}],"author":[{"embeddable":true,"href":"https:\/\/przylep.edu.pl\/przedszkole\/wp-json\/wp\/v2\/users\/2"}],"replies":[{"embeddable":true,"href":"https:\/\/przylep.edu.pl\/przedszkole\/wp-json\/wp\/v2\/comments?post=10326"}],"version-history":[{"count":1,"href":"https:\/\/przylep.edu.pl\/przedszkole\/wp-json\/wp\/v2\/posts\/10326\/revisions"}],"predecessor-version":[{"id":10336,"href":"https:\/\/przylep.edu.pl\/przedszkole\/wp-json\/wp\/v2\/posts\/10326\/revisions\/10336"}],"wp:featuredmedia":[{"embeddable":true,"href":"https:\/\/przylep.edu.pl\/przedszkole\/wp-json\/wp\/v2\/media\/10327"}],"wp:attachment":[{"href":"https:\/\/przylep.edu.pl\/przedszkole\/wp-json\/wp\/v2\/media?parent=10326"}],"wp:term":[{"taxonomy":"category","embeddable":true,"href":"https:\/\/przylep.edu.pl\/przedszkole\/wp-json\/wp\/v2\/categories?post=10326"},{"taxonomy":"post_tag","embeddable":true,"href":"https:\/\/przylep.edu.pl\/przedszkole\/wp-json\/wp\/v2\/tags?post=10326"}],"curies":[{"name":"wp","href":"https:\/\/api.w.org\/{rel}","templated":true}]}}