{"id":10320,"date":"2024-05-20T12:34:56","date_gmt":"2024-05-20T10:34:56","guid":{"rendered":"https:\/\/przylep.edu.pl\/przedszkole\/?p=10320"},"modified":"2024-05-20T12:34:57","modified_gmt":"2024-05-20T10:34:57","slug":"wycieczka-autokarowa-na-pojezierze-drawskie","status":"publish","type":"post","link":"https:\/\/przylep.edu.pl\/przedszkole\/2024\/05\/20\/wycieczka-autokarowa-na-pojezierze-drawskie\/","title":{"rendered":"\u00a0\u00a0\u00a0\u00a0Wycieczka autokarowa na Pojezierze Drawskie"},"content":{"rendered":"\n<p>&nbsp;&nbsp;&nbsp;&nbsp;&nbsp;&nbsp;&nbsp;&nbsp;&nbsp;&nbsp;&nbsp;&nbsp;&nbsp;&nbsp; 16 kwietnia klasy I a, II b i III a uda\u0142y si\u0119 na wycieczk\u0119 autokarow\u0105 do O\u015brodka Edukacji Ekologicznej w Z\u0142ocie\u0144cu oraz do Osady Sio\u0142o. W O\u015brodku Edukacji Ekologicznej dzieci podzielone na grupy bada\u0142y zawarto\u015b\u0107 tlenu w wodzie, rozpoznawa\u0142y organizmy \u017cywe \u017cyj\u0105ce w wodzie oraz bra\u0142y udzia\u0142 w prelekcji na temat zwierz\u0105t chronionych \u017cyj\u0105cych na terenie Pojezierza Drawskiego. Nast\u0119pnie uda\u0142y si\u0119 do Osady Sio\u0142o. Podzieleni na klasy zwiedza\u0142y domki tematyczne z r\u00f3\u017cnymi rodzajami r\u0119kodzie\u0142a takimi jak ceramika, tkactwo &nbsp;&nbsp;&nbsp;&nbsp;&nbsp;&nbsp;&nbsp;&nbsp;&nbsp;&nbsp;&nbsp;i papier czerpany. Ogl\u0105da\u0142y te\u017c &nbsp;r\u00f3\u017cne zwierz\u0119ta,&nbsp; karmi\u0142y kozy. Potem wykona\u0142y w\u0142asne r\u0119kodzie\u0142o z ga\u0142\u0119zi, siana, li\u015bci i kwiat\u00f3w. Podsumowaniem ca\u0142ego pobytu by\u0142o ognisko &nbsp;&nbsp;&nbsp;&nbsp;&nbsp;&nbsp;&nbsp;&nbsp;&nbsp;&nbsp;&nbsp;&nbsp;&nbsp;&nbsp;&nbsp;z pieczeniem kie\u0142basek i zabawy na placu zabaw.<\/p>\n\n\n\n<p>To by\u0142a bardzo pouczaj\u0105ca i udana wyprawa.<\/p>\n\n\n\n<p>&nbsp;&nbsp;&nbsp;&nbsp;&nbsp;&nbsp;&nbsp;&nbsp;&nbsp;&nbsp;&nbsp;&nbsp;&nbsp;&nbsp;&nbsp;&nbsp;&nbsp;&nbsp;&nbsp;&nbsp;&nbsp;&nbsp;&nbsp;&nbsp;&nbsp;&nbsp;&nbsp;&nbsp;&nbsp;&nbsp;&nbsp;&nbsp;&nbsp;&nbsp;&nbsp;&nbsp;&nbsp;&nbsp;&nbsp;&nbsp;&nbsp;&nbsp;&nbsp;&nbsp;&nbsp;&nbsp;&nbsp;&nbsp;&nbsp;&nbsp;&nbsp;&nbsp;&nbsp;&nbsp;&nbsp;&nbsp;&nbsp;&nbsp;&nbsp;&nbsp;&nbsp;&nbsp;&nbsp;&nbsp;&nbsp;&nbsp;&nbsp;&nbsp;&nbsp;&nbsp;&nbsp;&nbsp;&nbsp;&nbsp;&nbsp;&nbsp;&nbsp;&nbsp;&nbsp;&nbsp;&nbsp;&nbsp;&nbsp;&nbsp;&nbsp;&nbsp;&nbsp;&nbsp;&nbsp;&nbsp;&nbsp;&nbsp;&nbsp;&nbsp;&nbsp;&nbsp;&nbsp;&nbsp;&nbsp;&nbsp;&nbsp;&nbsp;&nbsp;&nbsp;&nbsp;&nbsp; Iwona Po\u015bli\u0144ska<\/p>\n\n\n\n<figure class=\"wp-block-image size-full\"><img loading=\"lazy\" decoding=\"async\" width=\"869\" height=\"869\" src=\"https:\/\/przylep.edu.pl\/przedszkole\/wp-content\/uploads\/2024\/05\/WhatsApp-Image-2024-05-06-at-14.24.55-COLLAGE.jpg\" alt=\"\" class=\"wp-image-10322\" srcset=\"https:\/\/przylep.edu.pl\/przedszkole\/wp-content\/uploads\/2024\/05\/WhatsApp-Image-2024-05-06-at-14.24.55-COLLAGE.jpg 869w, https:\/\/przylep.edu.pl\/przedszkole\/wp-content\/uploads\/2024\/05\/WhatsApp-Image-2024-05-06-at-14.24.55-COLLAGE-300x300.jpg 300w, https:\/\/przylep.edu.pl\/przedszkole\/wp-content\/uploads\/2024\/05\/WhatsApp-Image-2024-05-06-at-14.24.55-COLLAGE-150x150.jpg 150w, https:\/\/przylep.edu.pl\/przedszkole\/wp-content\/uploads\/2024\/05\/WhatsApp-Image-2024-05-06-at-14.24.55-COLLAGE-768x768.jpg 768w, https:\/\/przylep.edu.pl\/przedszkole\/wp-content\/uploads\/2024\/05\/WhatsApp-Image-2024-05-06-at-14.24.55-COLLAGE-600x600.jpg 600w\" sizes=\"auto, (max-width: 869px) 100vw, 869px\" \/><\/figure>\n\n\n\n<figure class=\"wp-block-image size-full\"><img loading=\"lazy\" decoding=\"async\" width=\"869\" height=\"869\" src=\"https:\/\/przylep.edu.pl\/przedszkole\/wp-content\/uploads\/2024\/05\/WhatsApp-Image-2024-05-06-at-14.24.56-2-COLLAGE.jpg\" alt=\"\" class=\"wp-image-10323\" srcset=\"https:\/\/przylep.edu.pl\/przedszkole\/wp-content\/uploads\/2024\/05\/WhatsApp-Image-2024-05-06-at-14.24.56-2-COLLAGE.jpg 869w, https:\/\/przylep.edu.pl\/przedszkole\/wp-content\/uploads\/2024\/05\/WhatsApp-Image-2024-05-06-at-14.24.56-2-COLLAGE-300x300.jpg 300w, https:\/\/przylep.edu.pl\/przedszkole\/wp-content\/uploads\/2024\/05\/WhatsApp-Image-2024-05-06-at-14.24.56-2-COLLAGE-150x150.jpg 150w, https:\/\/przylep.edu.pl\/przedszkole\/wp-content\/uploads\/2024\/05\/WhatsApp-Image-2024-05-06-at-14.24.56-2-COLLAGE-768x768.jpg 768w, https:\/\/przylep.edu.pl\/przedszkole\/wp-content\/uploads\/2024\/05\/WhatsApp-Image-2024-05-06-at-14.24.56-2-COLLAGE-600x600.jpg 600w\" sizes=\"auto, (max-width: 869px) 100vw, 869px\" \/><\/figure>\n","protected":false},"excerpt":{"rendered":"<p>&nbsp;&nbsp;&nbsp;&nbsp;&nbsp;&nbsp;&nbsp;&nbsp;&nbsp;&nbsp;&nbsp;&nbsp;&nbsp;&nbsp; 16 kwietnia klasy I a, II b i III a uda\u0142y si\u0119 na wycieczk\u0119 autokarow\u0105 do O\u015brodka Edukacji Ekologicznej w Z\u0142ocie\u0144cu oraz do Osady Sio\u0142o. W O\u015brodku Edukacji Ekologicznej dzieci podzielone na grupy bada\u0142y zawarto\u015b\u0107 tlenu w wodzie, rozpoznawa\u0142y organizmy \u017cywe \u017cyj\u0105ce w wodzie oraz bra\u0142y udzia\u0142 w prelekcji na temat zwierz\u0105t chronionych \u017cyj\u0105cych [&hellip;]<\/p>\n","protected":false},"author":2,"featured_media":10324,"comment_status":"closed","ping_status":"open","sticky":false,"template":"","format":"standard","meta":{"footnotes":""},"categories":[45,41,40],"tags":[],"class_list":["post-10320","post","type-post","status-publish","format-standard","has-post-thumbnail","hentry","category-aktualnosci","category-galerie","category-strona-glowna"],"_links":{"self":[{"href":"https:\/\/przylep.edu.pl\/przedszkole\/wp-json\/wp\/v2\/posts\/10320","targetHints":{"allow":["GET"]}}],"collection":[{"href":"https:\/\/przylep.edu.pl\/przedszkole\/wp-json\/wp\/v2\/posts"}],"about":[{"href":"https:\/\/przylep.edu.pl\/przedszkole\/wp-json\/wp\/v2\/types\/post"}],"author":[{"embeddable":true,"href":"https:\/\/przylep.edu.pl\/przedszkole\/wp-json\/wp\/v2\/users\/2"}],"replies":[{"embeddable":true,"href":"https:\/\/przylep.edu.pl\/przedszkole\/wp-json\/wp\/v2\/comments?post=10320"}],"version-history":[{"count":1,"href":"https:\/\/przylep.edu.pl\/przedszkole\/wp-json\/wp\/v2\/posts\/10320\/revisions"}],"predecessor-version":[{"id":10325,"href":"https:\/\/przylep.edu.pl\/przedszkole\/wp-json\/wp\/v2\/posts\/10320\/revisions\/10325"}],"wp:featuredmedia":[{"embeddable":true,"href":"https:\/\/przylep.edu.pl\/przedszkole\/wp-json\/wp\/v2\/media\/10324"}],"wp:attachment":[{"href":"https:\/\/przylep.edu.pl\/przedszkole\/wp-json\/wp\/v2\/media?parent=10320"}],"wp:term":[{"taxonomy":"category","embeddable":true,"href":"https:\/\/przylep.edu.pl\/przedszkole\/wp-json\/wp\/v2\/categories?post=10320"},{"taxonomy":"post_tag","embeddable":true,"href":"https:\/\/przylep.edu.pl\/przedszkole\/wp-json\/wp\/v2\/tags?post=10320"}],"curies":[{"name":"wp","href":"https:\/\/api.w.org\/{rel}","templated":true}]}}