{"id":10314,"date":"2023-09-13T13:24:00","date_gmt":"2023-09-13T11:24:00","guid":{"rendered":"https:\/\/przylep.edu.pl\/przedszkole\/?p=10314"},"modified":"2024-05-13T13:32:46","modified_gmt":"2024-05-13T11:32:46","slug":"owoce-i-mleko-w-szkole","status":"publish","type":"post","link":"https:\/\/przylep.edu.pl\/przedszkole\/2023\/09\/13\/owoce-i-mleko-w-szkole\/","title":{"rendered":"Owoce i mleko w szkole"},"content":{"rendered":"\n<p>Nasza szko\u0142a, dzi\u0119ki inicjatywie Pani Urszuli Biskupskiej, bierze udzia\u0142 w unijnym programie dla szk\u00f3\u0142 &#8222;Owoce i mleko w szkole&#8221;.<\/p>\n\n\n\n<p>W ramach programu b\u0119dziemy otrzymywa\u0107 owoce i warzywa oraz produkty mleczne, kt\u00f3re b\u0119dziemy spo\u017cywa\u0107 podczas drugiego \u015bniadania. Nasze dzieci od pocz\u0105tku dzia\u0142ania plac\u00f3wki w swoich \u015bniadani\u00f3wkach maj\u0105 tylko zdrowe produkty. Jest to wsp\u00f3lna idea rodzic\u00f3w i nauczycieli. W szkole nie ma s\u0142odyczy i s\u0142odkich napoj\u00f3w. <\/p>\n\n\n\n<figure class=\"wp-block-image size-full\"><img loading=\"lazy\" decoding=\"async\" width=\"1000\" height=\"1000\" src=\"https:\/\/przylep.edu.pl\/przedszkole\/wp-content\/uploads\/2024\/05\/Nasza-szkola-bierze-udzial-w-unijnym-programie-dla-szkol.jpg\" alt=\"\" class=\"wp-image-10315\" srcset=\"https:\/\/przylep.edu.pl\/przedszkole\/wp-content\/uploads\/2024\/05\/Nasza-szkola-bierze-udzial-w-unijnym-programie-dla-szkol.jpg 1000w, https:\/\/przylep.edu.pl\/przedszkole\/wp-content\/uploads\/2024\/05\/Nasza-szkola-bierze-udzial-w-unijnym-programie-dla-szkol-300x300.jpg 300w, https:\/\/przylep.edu.pl\/przedszkole\/wp-content\/uploads\/2024\/05\/Nasza-szkola-bierze-udzial-w-unijnym-programie-dla-szkol-150x150.jpg 150w, https:\/\/przylep.edu.pl\/przedszkole\/wp-content\/uploads\/2024\/05\/Nasza-szkola-bierze-udzial-w-unijnym-programie-dla-szkol-768x768.jpg 768w, https:\/\/przylep.edu.pl\/przedszkole\/wp-content\/uploads\/2024\/05\/Nasza-szkola-bierze-udzial-w-unijnym-programie-dla-szkol-600x600.jpg 600w\" sizes=\"auto, (max-width: 1000px) 100vw, 1000px\" \/><\/figure>\n","protected":false},"excerpt":{"rendered":"<p>Nasza szko\u0142a, dzi\u0119ki inicjatywie Pani Urszuli Biskupskiej, bierze udzia\u0142 w unijnym programie dla szk\u00f3\u0142 &#8222;Owoce i mleko w szkole&#8221;. W ramach programu b\u0119dziemy otrzymywa\u0107 owoce i warzywa oraz produkty mleczne, kt\u00f3re b\u0119dziemy spo\u017cywa\u0107 podczas drugiego \u015bniadania. Nasze dzieci od pocz\u0105tku dzia\u0142ania plac\u00f3wki w swoich \u015bniadani\u00f3wkach maj\u0105 tylko zdrowe produkty. Jest to wsp\u00f3lna idea rodzic\u00f3w i [&hellip;]<\/p>\n","protected":false},"author":1,"featured_media":0,"comment_status":"closed","ping_status":"open","sticky":false,"template":"","format":"standard","meta":{"footnotes":""},"categories":[45],"tags":[],"class_list":["post-10314","post","type-post","status-publish","format-standard","hentry","category-aktualnosci"],"_links":{"self":[{"href":"https:\/\/przylep.edu.pl\/przedszkole\/wp-json\/wp\/v2\/posts\/10314","targetHints":{"allow":["GET"]}}],"collection":[{"href":"https:\/\/przylep.edu.pl\/przedszkole\/wp-json\/wp\/v2\/posts"}],"about":[{"href":"https:\/\/przylep.edu.pl\/przedszkole\/wp-json\/wp\/v2\/types\/post"}],"author":[{"embeddable":true,"href":"https:\/\/przylep.edu.pl\/przedszkole\/wp-json\/wp\/v2\/users\/1"}],"replies":[{"embeddable":true,"href":"https:\/\/przylep.edu.pl\/przedszkole\/wp-json\/wp\/v2\/comments?post=10314"}],"version-history":[{"count":1,"href":"https:\/\/przylep.edu.pl\/przedszkole\/wp-json\/wp\/v2\/posts\/10314\/revisions"}],"predecessor-version":[{"id":10316,"href":"https:\/\/przylep.edu.pl\/przedszkole\/wp-json\/wp\/v2\/posts\/10314\/revisions\/10316"}],"wp:attachment":[{"href":"https:\/\/przylep.edu.pl\/przedszkole\/wp-json\/wp\/v2\/media?parent=10314"}],"wp:term":[{"taxonomy":"category","embeddable":true,"href":"https:\/\/przylep.edu.pl\/przedszkole\/wp-json\/wp\/v2\/categories?post=10314"},{"taxonomy":"post_tag","embeddable":true,"href":"https:\/\/przylep.edu.pl\/przedszkole\/wp-json\/wp\/v2\/tags?post=10314"}],"curies":[{"name":"wp","href":"https:\/\/api.w.org\/{rel}","templated":true}]}}