{"id":10303,"date":"2024-05-20T12:07:43","date_gmt":"2024-05-20T10:07:43","guid":{"rendered":"https:\/\/przylep.edu.pl\/przedszkole\/?p=10303"},"modified":"2024-05-20T12:07:45","modified_gmt":"2024-05-20T10:07:45","slug":"apel-majowy-w-szkole-podstawowej","status":"publish","type":"post","link":"https:\/\/przylep.edu.pl\/przedszkole\/2024\/05\/20\/apel-majowy-w-szkole-podstawowej\/","title":{"rendered":"Apel Majowy w Szkole Podstawowej"},"content":{"rendered":"\n<p>Z okazji trzech \u015bwi\u0105t majowych: 1 Maja \u2013 \u015awi\u0119to Pracy, 2 Maja \u2013 \u015awi\u0119to Flagi i 3 Maja \u2013 \u015awi\u0119to Konstytucji 3 Maja, kt\u00f3re s\u0105 szczeg\u00f3lnie wa\u017cne w historii Polski pierwsze przygotowa\u0142y apel, kt\u00f3ry zobrazowa\u0142 spo\u0142eczno\u015bci szkolnej do\u015b\u0107 trudn\u0105 tematyk\u0119 zbli\u017caj\u0105cej si\u0119 maj\u00f3wki. <\/p>\n\n\n\n<figure class=\"wp-block-gallery has-nested-images columns-default is-cropped wp-block-gallery-1 is-layout-flex wp-block-gallery-is-layout-flex\">\n<figure class=\"wp-block-image size-large\"><img loading=\"lazy\" decoding=\"async\" width=\"1024\" height=\"472\" data-id=\"10310\" src=\"https:\/\/przylep.edu.pl\/przedszkole\/wp-content\/uploads\/2024\/05\/WhatsApp-Image-2024-04-26-at-20.46.28-1024x472.jpeg\" alt=\"\" class=\"wp-image-10310\" srcset=\"https:\/\/przylep.edu.pl\/przedszkole\/wp-content\/uploads\/2024\/05\/WhatsApp-Image-2024-04-26-at-20.46.28-1024x472.jpeg 1024w, https:\/\/przylep.edu.pl\/przedszkole\/wp-content\/uploads\/2024\/05\/WhatsApp-Image-2024-04-26-at-20.46.28-300x138.jpeg 300w, https:\/\/przylep.edu.pl\/przedszkole\/wp-content\/uploads\/2024\/05\/WhatsApp-Image-2024-04-26-at-20.46.28-768x354.jpeg 768w, https:\/\/przylep.edu.pl\/przedszkole\/wp-content\/uploads\/2024\/05\/WhatsApp-Image-2024-04-26-at-20.46.28-1536x708.jpeg 1536w, https:\/\/przylep.edu.pl\/przedszkole\/wp-content\/uploads\/2024\/05\/WhatsApp-Image-2024-04-26-at-20.46.28.jpeg 1600w\" sizes=\"auto, (max-width: 1024px) 100vw, 1024px\" \/><\/figure>\n\n\n\n<figure class=\"wp-block-image size-large\"><img loading=\"lazy\" decoding=\"async\" width=\"1024\" height=\"472\" data-id=\"10308\" src=\"https:\/\/przylep.edu.pl\/przedszkole\/wp-content\/uploads\/2024\/05\/WhatsApp-Image-2024-04-26-at-20.46.30-1-1024x472.jpeg\" alt=\"\" class=\"wp-image-10308\" srcset=\"https:\/\/przylep.edu.pl\/przedszkole\/wp-content\/uploads\/2024\/05\/WhatsApp-Image-2024-04-26-at-20.46.30-1-1024x472.jpeg 1024w, https:\/\/przylep.edu.pl\/przedszkole\/wp-content\/uploads\/2024\/05\/WhatsApp-Image-2024-04-26-at-20.46.30-1-300x138.jpeg 300w, https:\/\/przylep.edu.pl\/przedszkole\/wp-content\/uploads\/2024\/05\/WhatsApp-Image-2024-04-26-at-20.46.30-1-768x354.jpeg 768w, https:\/\/przylep.edu.pl\/przedszkole\/wp-content\/uploads\/2024\/05\/WhatsApp-Image-2024-04-26-at-20.46.30-1-1536x708.jpeg 1536w, https:\/\/przylep.edu.pl\/przedszkole\/wp-content\/uploads\/2024\/05\/WhatsApp-Image-2024-04-26-at-20.46.30-1.jpeg 1600w\" sizes=\"auto, (max-width: 1024px) 100vw, 1024px\" \/><\/figure>\n\n\n\n<figure class=\"wp-block-image size-large\"><img loading=\"lazy\" decoding=\"async\" width=\"472\" height=\"1024\" data-id=\"10305\" src=\"https:\/\/przylep.edu.pl\/przedszkole\/wp-content\/uploads\/2024\/05\/WhatsApp-Image-2024-04-26-at-20.46.30-2-472x1024.jpeg\" alt=\"\" class=\"wp-image-10305\" srcset=\"https:\/\/przylep.edu.pl\/przedszkole\/wp-content\/uploads\/2024\/05\/WhatsApp-Image-2024-04-26-at-20.46.30-2-472x1024.jpeg 472w, https:\/\/przylep.edu.pl\/przedszkole\/wp-content\/uploads\/2024\/05\/WhatsApp-Image-2024-04-26-at-20.46.30-2-138x300.jpeg 138w, https:\/\/przylep.edu.pl\/przedszkole\/wp-content\/uploads\/2024\/05\/WhatsApp-Image-2024-04-26-at-20.46.30-2-708x1536.jpeg 708w, https:\/\/przylep.edu.pl\/przedszkole\/wp-content\/uploads\/2024\/05\/WhatsApp-Image-2024-04-26-at-20.46.30-2.jpeg 738w\" sizes=\"auto, (max-width: 472px) 100vw, 472px\" \/><\/figure>\n\n\n\n<figure class=\"wp-block-image size-large\"><img loading=\"lazy\" decoding=\"async\" width=\"472\" height=\"1024\" data-id=\"10306\" src=\"https:\/\/przylep.edu.pl\/przedszkole\/wp-content\/uploads\/2024\/05\/WhatsApp-Image-2024-04-26-at-20.46.30-472x1024.jpeg\" alt=\"\" class=\"wp-image-10306\" srcset=\"https:\/\/przylep.edu.pl\/przedszkole\/wp-content\/uploads\/2024\/05\/WhatsApp-Image-2024-04-26-at-20.46.30-472x1024.jpeg 472w, https:\/\/przylep.edu.pl\/przedszkole\/wp-content\/uploads\/2024\/05\/WhatsApp-Image-2024-04-26-at-20.46.30-138x300.jpeg 138w, https:\/\/przylep.edu.pl\/przedszkole\/wp-content\/uploads\/2024\/05\/WhatsApp-Image-2024-04-26-at-20.46.30-708x1536.jpeg 708w, https:\/\/przylep.edu.pl\/przedszkole\/wp-content\/uploads\/2024\/05\/WhatsApp-Image-2024-04-26-at-20.46.30.jpeg 738w\" sizes=\"auto, (max-width: 472px) 100vw, 472px\" \/><\/figure>\n\n\n\n<figure class=\"wp-block-image size-large\"><img loading=\"lazy\" decoding=\"async\" width=\"472\" height=\"1024\" data-id=\"10304\" src=\"https:\/\/przylep.edu.pl\/przedszkole\/wp-content\/uploads\/2024\/05\/WhatsApp-Image-2024-04-26-at-20.46.31-472x1024.jpeg\" alt=\"\" class=\"wp-image-10304\" srcset=\"https:\/\/przylep.edu.pl\/przedszkole\/wp-content\/uploads\/2024\/05\/WhatsApp-Image-2024-04-26-at-20.46.31-472x1024.jpeg 472w, https:\/\/przylep.edu.pl\/przedszkole\/wp-content\/uploads\/2024\/05\/WhatsApp-Image-2024-04-26-at-20.46.31-138x300.jpeg 138w, https:\/\/przylep.edu.pl\/przedszkole\/wp-content\/uploads\/2024\/05\/WhatsApp-Image-2024-04-26-at-20.46.31-708x1536.jpeg 708w, https:\/\/przylep.edu.pl\/przedszkole\/wp-content\/uploads\/2024\/05\/WhatsApp-Image-2024-04-26-at-20.46.31.jpeg 738w\" sizes=\"auto, (max-width: 472px) 100vw, 472px\" \/><\/figure>\n\n\n\n<figure class=\"wp-block-image size-large\"><img loading=\"lazy\" decoding=\"async\" width=\"1024\" height=\"472\" data-id=\"10311\" src=\"https:\/\/przylep.edu.pl\/przedszkole\/wp-content\/uploads\/2024\/05\/WhatsApp-Image-2024-04-26-at-20.46.32-1-1024x472.jpeg\" alt=\"\" class=\"wp-image-10311\" srcset=\"https:\/\/przylep.edu.pl\/przedszkole\/wp-content\/uploads\/2024\/05\/WhatsApp-Image-2024-04-26-at-20.46.32-1-1024x472.jpeg 1024w, https:\/\/przylep.edu.pl\/przedszkole\/wp-content\/uploads\/2024\/05\/WhatsApp-Image-2024-04-26-at-20.46.32-1-300x138.jpeg 300w, https:\/\/przylep.edu.pl\/przedszkole\/wp-content\/uploads\/2024\/05\/WhatsApp-Image-2024-04-26-at-20.46.32-1-768x354.jpeg 768w, https:\/\/przylep.edu.pl\/przedszkole\/wp-content\/uploads\/2024\/05\/WhatsApp-Image-2024-04-26-at-20.46.32-1-1536x708.jpeg 1536w, https:\/\/przylep.edu.pl\/przedszkole\/wp-content\/uploads\/2024\/05\/WhatsApp-Image-2024-04-26-at-20.46.32-1.jpeg 1600w\" sizes=\"auto, (max-width: 1024px) 100vw, 1024px\" \/><\/figure>\n\n\n\n<figure class=\"wp-block-image size-large\"><img loading=\"lazy\" decoding=\"async\" width=\"1024\" height=\"472\" data-id=\"10307\" src=\"https:\/\/przylep.edu.pl\/przedszkole\/wp-content\/uploads\/2024\/05\/WhatsApp-Image-2024-04-26-at-20.46.32-2-1024x472.jpeg\" alt=\"\" class=\"wp-image-10307\" srcset=\"https:\/\/przylep.edu.pl\/przedszkole\/wp-content\/uploads\/2024\/05\/WhatsApp-Image-2024-04-26-at-20.46.32-2-1024x472.jpeg 1024w, https:\/\/przylep.edu.pl\/przedszkole\/wp-content\/uploads\/2024\/05\/WhatsApp-Image-2024-04-26-at-20.46.32-2-300x138.jpeg 300w, https:\/\/przylep.edu.pl\/przedszkole\/wp-content\/uploads\/2024\/05\/WhatsApp-Image-2024-04-26-at-20.46.32-2-768x354.jpeg 768w, https:\/\/przylep.edu.pl\/przedszkole\/wp-content\/uploads\/2024\/05\/WhatsApp-Image-2024-04-26-at-20.46.32-2-1536x708.jpeg 1536w, https:\/\/przylep.edu.pl\/przedszkole\/wp-content\/uploads\/2024\/05\/WhatsApp-Image-2024-04-26-at-20.46.32-2.jpeg 1600w\" sizes=\"auto, (max-width: 1024px) 100vw, 1024px\" \/><\/figure>\n\n\n\n<figure class=\"wp-block-image size-large\"><img loading=\"lazy\" decoding=\"async\" width=\"1024\" height=\"472\" data-id=\"10309\" src=\"https:\/\/przylep.edu.pl\/przedszkole\/wp-content\/uploads\/2024\/05\/WhatsApp-Image-2024-04-26-at-20.46.32-1024x472.jpeg\" alt=\"\" class=\"wp-image-10309\" srcset=\"https:\/\/przylep.edu.pl\/przedszkole\/wp-content\/uploads\/2024\/05\/WhatsApp-Image-2024-04-26-at-20.46.32-1024x472.jpeg 1024w, https:\/\/przylep.edu.pl\/przedszkole\/wp-content\/uploads\/2024\/05\/WhatsApp-Image-2024-04-26-at-20.46.32-300x138.jpeg 300w, https:\/\/przylep.edu.pl\/przedszkole\/wp-content\/uploads\/2024\/05\/WhatsApp-Image-2024-04-26-at-20.46.32-768x354.jpeg 768w, https:\/\/przylep.edu.pl\/przedszkole\/wp-content\/uploads\/2024\/05\/WhatsApp-Image-2024-04-26-at-20.46.32-1536x708.jpeg 1536w, https:\/\/przylep.edu.pl\/przedszkole\/wp-content\/uploads\/2024\/05\/WhatsApp-Image-2024-04-26-at-20.46.32.jpeg 1600w\" sizes=\"auto, (max-width: 1024px) 100vw, 1024px\" \/><\/figure>\n<\/figure>\n\n\n","protected":false},"excerpt":{"rendered":"<p>Z okazji trzech \u015bwi\u0105t majowych: 1 Maja \u2013 \u015awi\u0119to Pracy, 2 Maja \u2013 \u015awi\u0119to Flagi i 3 Maja \u2013 \u015awi\u0119to Konstytucji 3 Maja, kt\u00f3re s\u0105 szczeg\u00f3lnie wa\u017cne w historii Polski pierwsze przygotowa\u0142y apel, kt\u00f3ry zobrazowa\u0142 spo\u0142eczno\u015bci szkolnej do\u015b\u0107 trudn\u0105 tematyk\u0119 zbli\u017caj\u0105cej si\u0119 maj\u00f3wki.<\/p>\n","protected":false},"author":2,"featured_media":10312,"comment_status":"closed","ping_status":"open","sticky":false,"template":"","format":"standard","meta":{"footnotes":""},"categories":[45,41],"tags":[],"class_list":["post-10303","post","type-post","status-publish","format-standard","has-post-thumbnail","hentry","category-aktualnosci","category-galerie"],"_links":{"self":[{"href":"https:\/\/przylep.edu.pl\/przedszkole\/wp-json\/wp\/v2\/posts\/10303","targetHints":{"allow":["GET"]}}],"collection":[{"href":"https:\/\/przylep.edu.pl\/przedszkole\/wp-json\/wp\/v2\/posts"}],"about":[{"href":"https:\/\/przylep.edu.pl\/przedszkole\/wp-json\/wp\/v2\/types\/post"}],"author":[{"embeddable":true,"href":"https:\/\/przylep.edu.pl\/przedszkole\/wp-json\/wp\/v2\/users\/2"}],"replies":[{"embeddable":true,"href":"https:\/\/przylep.edu.pl\/przedszkole\/wp-json\/wp\/v2\/comments?post=10303"}],"version-history":[{"count":2,"href":"https:\/\/przylep.edu.pl\/przedszkole\/wp-json\/wp\/v2\/posts\/10303\/revisions"}],"predecessor-version":[{"id":10319,"href":"https:\/\/przylep.edu.pl\/przedszkole\/wp-json\/wp\/v2\/posts\/10303\/revisions\/10319"}],"wp:featuredmedia":[{"embeddable":true,"href":"https:\/\/przylep.edu.pl\/przedszkole\/wp-json\/wp\/v2\/media\/10312"}],"wp:attachment":[{"href":"https:\/\/przylep.edu.pl\/przedszkole\/wp-json\/wp\/v2\/media?parent=10303"}],"wp:term":[{"taxonomy":"category","embeddable":true,"href":"https:\/\/przylep.edu.pl\/przedszkole\/wp-json\/wp\/v2\/categories?post=10303"},{"taxonomy":"post_tag","embeddable":true,"href":"https:\/\/przylep.edu.pl\/przedszkole\/wp-json\/wp\/v2\/tags?post=10303"}],"curies":[{"name":"wp","href":"https:\/\/api.w.org\/{rel}","templated":true}]}}