{"id":10276,"date":"2024-05-01T21:44:02","date_gmt":"2024-05-01T19:44:02","guid":{"rendered":"https:\/\/przylep.edu.pl\/przedszkole\/?p=10276"},"modified":"2024-05-05T21:57:29","modified_gmt":"2024-05-05T19:57:29","slug":"apel-z-okazji-swiat-majowych","status":"publish","type":"post","link":"https:\/\/przylep.edu.pl\/przedszkole\/2024\/05\/01\/apel-z-okazji-swiat-majowych\/","title":{"rendered":"Apel z okazji \u015awi\u0105t Majowych"},"content":{"rendered":"\n<p>25 Maja w Naszym przedszkolu odby\u0142 si\u0119 uroczysty apel. W tym roku to grupa srebrna przygotowa\u0142a uroczysto\u015b\u0107, by upami\u0119tni\u0107 uchwalenie Konstytucji, a tak\u017ce rozwija\u0107 poczucie przynale\u017cno\u015bci narodowej u Naszych, ma\u0142ych Patriot\u00f3w. Przedszkolaki recytowa\u0142y wiersze, \u015bpiewa\u0142y piosenki o Naszej ojczy\u017anie. Ca\u0142e przedszkole od\u015bpiewa\u0142o uroczy\u015bcie Hymn Polski. Wszystkie dzieci dumnie uczestniczy\u0142y w lekcji patriotyzmu i mi\u0142o\u015bci do Naszej Ojczyzny.<\/p>\n\n\n\n<figure class=\"wp-block-gallery has-nested-images columns-default is-cropped wp-block-gallery-1 is-layout-flex wp-block-gallery-is-layout-flex\">\n<figure class=\"wp-block-image size-large\"><img loading=\"lazy\" decoding=\"async\" width=\"1024\" height=\"768\" data-id=\"10277\" src=\"https:\/\/przylep.edu.pl\/przedszkole\/wp-content\/uploads\/2024\/05\/49427eb6-f2c0-4845-a2aa-0e475c2c9078-1024x768.jpg\" alt=\"\" class=\"wp-image-10277\" srcset=\"https:\/\/przylep.edu.pl\/przedszkole\/wp-content\/uploads\/2024\/05\/49427eb6-f2c0-4845-a2aa-0e475c2c9078-1024x768.jpg 1024w, https:\/\/przylep.edu.pl\/przedszkole\/wp-content\/uploads\/2024\/05\/49427eb6-f2c0-4845-a2aa-0e475c2c9078-300x225.jpg 300w, https:\/\/przylep.edu.pl\/przedszkole\/wp-content\/uploads\/2024\/05\/49427eb6-f2c0-4845-a2aa-0e475c2c9078-768x576.jpg 768w, https:\/\/przylep.edu.pl\/przedszkole\/wp-content\/uploads\/2024\/05\/49427eb6-f2c0-4845-a2aa-0e475c2c9078-1536x1152.jpg 1536w, https:\/\/przylep.edu.pl\/przedszkole\/wp-content\/uploads\/2024\/05\/49427eb6-f2c0-4845-a2aa-0e475c2c9078-600x450.jpg 600w, https:\/\/przylep.edu.pl\/przedszkole\/wp-content\/uploads\/2024\/05\/49427eb6-f2c0-4845-a2aa-0e475c2c9078.jpg 2000w\" sizes=\"auto, (max-width: 1024px) 100vw, 1024px\" \/><\/figure>\n<\/figure>\n\n\n\n<figure class=\"wp-block-gallery has-nested-images columns-default is-cropped wp-block-gallery-2 is-layout-flex wp-block-gallery-is-layout-flex\">\n<figure class=\"wp-block-image size-large\"><img loading=\"lazy\" decoding=\"async\" width=\"1024\" height=\"577\" data-id=\"10278\" src=\"https:\/\/przylep.edu.pl\/przedszkole\/wp-content\/uploads\/2024\/05\/1ffb6b29-66bd-4959-ab30-6aa29bce413e-1024x577.jpg\" alt=\"\" class=\"wp-image-10278\" srcset=\"https:\/\/przylep.edu.pl\/przedszkole\/wp-content\/uploads\/2024\/05\/1ffb6b29-66bd-4959-ab30-6aa29bce413e-1024x577.jpg 1024w, https:\/\/przylep.edu.pl\/przedszkole\/wp-content\/uploads\/2024\/05\/1ffb6b29-66bd-4959-ab30-6aa29bce413e-300x169.jpg 300w, https:\/\/przylep.edu.pl\/przedszkole\/wp-content\/uploads\/2024\/05\/1ffb6b29-66bd-4959-ab30-6aa29bce413e-768x433.jpg 768w, https:\/\/przylep.edu.pl\/przedszkole\/wp-content\/uploads\/2024\/05\/1ffb6b29-66bd-4959-ab30-6aa29bce413e-1536x865.jpg 1536w, https:\/\/przylep.edu.pl\/przedszkole\/wp-content\/uploads\/2024\/05\/1ffb6b29-66bd-4959-ab30-6aa29bce413e.jpg 1734w\" sizes=\"auto, (max-width: 1024px) 100vw, 1024px\" \/><\/figure>\n<\/figure>\n\n\n\n<figure class=\"wp-block-gallery has-nested-images columns-default is-cropped wp-block-gallery-3 is-layout-flex wp-block-gallery-is-layout-flex\">\n<figure class=\"wp-block-image size-large\"><img loading=\"lazy\" decoding=\"async\" width=\"1024\" height=\"577\" data-id=\"10280\" src=\"https:\/\/przylep.edu.pl\/przedszkole\/wp-content\/uploads\/2024\/05\/5c4452df-73fa-4021-8ab9-0b49ca6f2666-1-1024x577.jpg\" alt=\"\" class=\"wp-image-10280\" srcset=\"https:\/\/przylep.edu.pl\/przedszkole\/wp-content\/uploads\/2024\/05\/5c4452df-73fa-4021-8ab9-0b49ca6f2666-1-1024x577.jpg 1024w, https:\/\/przylep.edu.pl\/przedszkole\/wp-content\/uploads\/2024\/05\/5c4452df-73fa-4021-8ab9-0b49ca6f2666-1-300x169.jpg 300w, https:\/\/przylep.edu.pl\/przedszkole\/wp-content\/uploads\/2024\/05\/5c4452df-73fa-4021-8ab9-0b49ca6f2666-1-768x433.jpg 768w, https:\/\/przylep.edu.pl\/przedszkole\/wp-content\/uploads\/2024\/05\/5c4452df-73fa-4021-8ab9-0b49ca6f2666-1-1536x865.jpg 1536w, https:\/\/przylep.edu.pl\/przedszkole\/wp-content\/uploads\/2024\/05\/5c4452df-73fa-4021-8ab9-0b49ca6f2666-1.jpg 1734w\" sizes=\"auto, (max-width: 1024px) 100vw, 1024px\" \/><\/figure>\n<\/figure>\n\n\n\n<figure class=\"wp-block-gallery has-nested-images columns-default is-cropped wp-block-gallery-4 is-layout-flex wp-block-gallery-is-layout-flex\">\n<figure class=\"wp-block-image size-large\"><img loading=\"lazy\" decoding=\"async\" width=\"1024\" height=\"768\" data-id=\"10281\" src=\"https:\/\/przylep.edu.pl\/przedszkole\/wp-content\/uploads\/2024\/05\/9006f97b-9522-4264-b47a-a4b1350b540c-1024x768.jpg\" alt=\"\" class=\"wp-image-10281\" srcset=\"https:\/\/przylep.edu.pl\/przedszkole\/wp-content\/uploads\/2024\/05\/9006f97b-9522-4264-b47a-a4b1350b540c-1024x768.jpg 1024w, https:\/\/przylep.edu.pl\/przedszkole\/wp-content\/uploads\/2024\/05\/9006f97b-9522-4264-b47a-a4b1350b540c-300x225.jpg 300w, https:\/\/przylep.edu.pl\/przedszkole\/wp-content\/uploads\/2024\/05\/9006f97b-9522-4264-b47a-a4b1350b540c-768x576.jpg 768w, https:\/\/przylep.edu.pl\/przedszkole\/wp-content\/uploads\/2024\/05\/9006f97b-9522-4264-b47a-a4b1350b540c-1536x1152.jpg 1536w, https:\/\/przylep.edu.pl\/przedszkole\/wp-content\/uploads\/2024\/05\/9006f97b-9522-4264-b47a-a4b1350b540c-600x450.jpg 600w, https:\/\/przylep.edu.pl\/przedszkole\/wp-content\/uploads\/2024\/05\/9006f97b-9522-4264-b47a-a4b1350b540c.jpg 2000w\" sizes=\"auto, (max-width: 1024px) 100vw, 1024px\" \/><\/figure>\n<\/figure>\n\n\n\n<figure class=\"wp-block-gallery has-nested-images columns-default is-cropped wp-block-gallery-5 is-layout-flex wp-block-gallery-is-layout-flex\">\n<figure class=\"wp-block-image size-large\"><img loading=\"lazy\" decoding=\"async\" width=\"1024\" height=\"768\" data-id=\"10282\" src=\"https:\/\/przylep.edu.pl\/przedszkole\/wp-content\/uploads\/2024\/05\/440085454_1155983985753648_3522829161980221980_n-1024x768.jpg\" alt=\"\" class=\"wp-image-10282\" srcset=\"https:\/\/przylep.edu.pl\/przedszkole\/wp-content\/uploads\/2024\/05\/440085454_1155983985753648_3522829161980221980_n-1024x768.jpg 1024w, https:\/\/przylep.edu.pl\/przedszkole\/wp-content\/uploads\/2024\/05\/440085454_1155983985753648_3522829161980221980_n-300x225.jpg 300w, https:\/\/przylep.edu.pl\/przedszkole\/wp-content\/uploads\/2024\/05\/440085454_1155983985753648_3522829161980221980_n-768x576.jpg 768w, https:\/\/przylep.edu.pl\/przedszkole\/wp-content\/uploads\/2024\/05\/440085454_1155983985753648_3522829161980221980_n-1536x1152.jpg 1536w, https:\/\/przylep.edu.pl\/przedszkole\/wp-content\/uploads\/2024\/05\/440085454_1155983985753648_3522829161980221980_n-600x450.jpg 600w, https:\/\/przylep.edu.pl\/przedszkole\/wp-content\/uploads\/2024\/05\/440085454_1155983985753648_3522829161980221980_n.jpg 2048w\" sizes=\"auto, (max-width: 1024px) 100vw, 1024px\" \/><\/figure>\n<\/figure>\n\n\n\n<figure class=\"wp-block-gallery has-nested-images columns-default is-cropped wp-block-gallery-6 is-layout-flex wp-block-gallery-is-layout-flex\">\n<figure class=\"wp-block-image size-large\"><img loading=\"lazy\" decoding=\"async\" width=\"1024\" height=\"768\" data-id=\"10283\" src=\"https:\/\/przylep.edu.pl\/przedszkole\/wp-content\/uploads\/2024\/05\/440102330_430494009572755_3899303222607330491_n-1024x768.jpg\" alt=\"\" class=\"wp-image-10283\" srcset=\"https:\/\/przylep.edu.pl\/przedszkole\/wp-content\/uploads\/2024\/05\/440102330_430494009572755_3899303222607330491_n-1024x768.jpg 1024w, https:\/\/przylep.edu.pl\/przedszkole\/wp-content\/uploads\/2024\/05\/440102330_430494009572755_3899303222607330491_n-300x225.jpg 300w, https:\/\/przylep.edu.pl\/przedszkole\/wp-content\/uploads\/2024\/05\/440102330_430494009572755_3899303222607330491_n-768x576.jpg 768w, https:\/\/przylep.edu.pl\/przedszkole\/wp-content\/uploads\/2024\/05\/440102330_430494009572755_3899303222607330491_n-1536x1152.jpg 1536w, https:\/\/przylep.edu.pl\/przedszkole\/wp-content\/uploads\/2024\/05\/440102330_430494009572755_3899303222607330491_n-600x450.jpg 600w, https:\/\/przylep.edu.pl\/przedszkole\/wp-content\/uploads\/2024\/05\/440102330_430494009572755_3899303222607330491_n.jpg 2048w\" sizes=\"auto, (max-width: 1024px) 100vw, 1024px\" \/><\/figure>\n<\/figure>\n\n\n\n<figure class=\"wp-block-gallery has-nested-images columns-default is-cropped wp-block-gallery-7 is-layout-flex wp-block-gallery-is-layout-flex\">\n<figure class=\"wp-block-image size-large\"><img loading=\"lazy\" decoding=\"async\" width=\"1024\" height=\"768\" data-id=\"10284\" src=\"https:\/\/przylep.edu.pl\/przedszkole\/wp-content\/uploads\/2024\/05\/440114862_3808388572772894_8795388239075668231_n-1024x768.jpg\" alt=\"\" class=\"wp-image-10284\" srcset=\"https:\/\/przylep.edu.pl\/przedszkole\/wp-content\/uploads\/2024\/05\/440114862_3808388572772894_8795388239075668231_n-1024x768.jpg 1024w, https:\/\/przylep.edu.pl\/przedszkole\/wp-content\/uploads\/2024\/05\/440114862_3808388572772894_8795388239075668231_n-300x225.jpg 300w, https:\/\/przylep.edu.pl\/przedszkole\/wp-content\/uploads\/2024\/05\/440114862_3808388572772894_8795388239075668231_n-768x576.jpg 768w, https:\/\/przylep.edu.pl\/przedszkole\/wp-content\/uploads\/2024\/05\/440114862_3808388572772894_8795388239075668231_n-1536x1152.jpg 1536w, https:\/\/przylep.edu.pl\/przedszkole\/wp-content\/uploads\/2024\/05\/440114862_3808388572772894_8795388239075668231_n-600x450.jpg 600w, https:\/\/przylep.edu.pl\/przedszkole\/wp-content\/uploads\/2024\/05\/440114862_3808388572772894_8795388239075668231_n.jpg 2048w\" sizes=\"auto, (max-width: 1024px) 100vw, 1024px\" \/><\/figure>\n<\/figure>\n","protected":false},"excerpt":{"rendered":"<p>25 Maja w Naszym przedszkolu odby\u0142 si\u0119 uroczysty apel. W tym roku to grupa srebrna przygotowa\u0142a uroczysto\u015b\u0107, by upami\u0119tni\u0107 uchwalenie Konstytucji, a tak\u017ce rozwija\u0107 poczucie przynale\u017cno\u015bci narodowej u Naszych, ma\u0142ych Patriot\u00f3w. Przedszkolaki recytowa\u0142y wiersze, \u015bpiewa\u0142y piosenki o Naszej ojczy\u017anie. Ca\u0142e przedszkole od\u015bpiewa\u0142o uroczy\u015bcie Hymn Polski. Wszystkie dzieci dumnie uczestniczy\u0142y w lekcji patriotyzmu i mi\u0142o\u015bci do [&hellip;]<\/p>\n","protected":false},"author":2,"featured_media":10285,"comment_status":"closed","ping_status":"open","sticky":false,"template":"","format":"standard","meta":{"footnotes":""},"categories":[45,41,40],"tags":[],"class_list":["post-10276","post","type-post","status-publish","format-standard","has-post-thumbnail","hentry","category-aktualnosci","category-galerie","category-strona-glowna"],"_links":{"self":[{"href":"https:\/\/przylep.edu.pl\/przedszkole\/wp-json\/wp\/v2\/posts\/10276","targetHints":{"allow":["GET"]}}],"collection":[{"href":"https:\/\/przylep.edu.pl\/przedszkole\/wp-json\/wp\/v2\/posts"}],"about":[{"href":"https:\/\/przylep.edu.pl\/przedszkole\/wp-json\/wp\/v2\/types\/post"}],"author":[{"embeddable":true,"href":"https:\/\/przylep.edu.pl\/przedszkole\/wp-json\/wp\/v2\/users\/2"}],"replies":[{"embeddable":true,"href":"https:\/\/przylep.edu.pl\/przedszkole\/wp-json\/wp\/v2\/comments?post=10276"}],"version-history":[{"count":1,"href":"https:\/\/przylep.edu.pl\/przedszkole\/wp-json\/wp\/v2\/posts\/10276\/revisions"}],"predecessor-version":[{"id":10286,"href":"https:\/\/przylep.edu.pl\/przedszkole\/wp-json\/wp\/v2\/posts\/10276\/revisions\/10286"}],"wp:featuredmedia":[{"embeddable":true,"href":"https:\/\/przylep.edu.pl\/przedszkole\/wp-json\/wp\/v2\/media\/10285"}],"wp:attachment":[{"href":"https:\/\/przylep.edu.pl\/przedszkole\/wp-json\/wp\/v2\/media?parent=10276"}],"wp:term":[{"taxonomy":"category","embeddable":true,"href":"https:\/\/przylep.edu.pl\/przedszkole\/wp-json\/wp\/v2\/categories?post=10276"},{"taxonomy":"post_tag","embeddable":true,"href":"https:\/\/przylep.edu.pl\/przedszkole\/wp-json\/wp\/v2\/tags?post=10276"}],"curies":[{"name":"wp","href":"https:\/\/api.w.org\/{rel}","templated":true}]}}