{"id":10252,"date":"2024-04-22T12:07:58","date_gmt":"2024-04-22T10:07:58","guid":{"rendered":"https:\/\/przylep.edu.pl\/przedszkole\/?p=10252"},"modified":"2024-04-22T12:08:00","modified_gmt":"2024-04-22T10:08:00","slug":"przeglad-wiosennych-koszy","status":"publish","type":"post","link":"https:\/\/przylep.edu.pl\/przedszkole\/2024\/04\/22\/przeglad-wiosennych-koszy\/","title":{"rendered":"Przegl\u0105d Wiosennych Koszy"},"content":{"rendered":"\n<p>Kreatywna wiosna czyli Przegl\u0105d Wiosennych Koszy 17 kwietnia dzieci klas 1-4 wzi\u0119\u0142y udzia\u0142 w Przegl\u0105dzie Wiosennych Koszy. Kosze i koszyczki przyozdobione \u017cywymi, sztucznymi kwiatami, dekorami i ro\u017cnego rodzaju ozdobami zrobione przez naszych uczni\u00f3w zosta\u0142y wystawione w holu naszej szko\u0142y. Mo\u017cna by\u0142o podziwia\u0107 je do ko\u0144ca tygodnia po czym zabra\u0107 ze sob\u0105 do domu.<\/p>\n\n\n\n<figure class=\"wp-block-gallery has-nested-images columns-1 is-cropped wp-block-gallery-1 is-layout-flex wp-block-gallery-is-layout-flex\">\n<figure class=\"wp-block-image size-large\"><img loading=\"lazy\" decoding=\"async\" width=\"1024\" height=\"768\" data-id=\"10253\" src=\"https:\/\/przylep.edu.pl\/przedszkole\/wp-content\/uploads\/2024\/04\/434423276_7923080177722627_5490085963200591322_n-1024x768.jpg\" alt=\"\" class=\"wp-image-10253\" srcset=\"https:\/\/przylep.edu.pl\/przedszkole\/wp-content\/uploads\/2024\/04\/434423276_7923080177722627_5490085963200591322_n-1024x768.jpg 1024w, https:\/\/przylep.edu.pl\/przedszkole\/wp-content\/uploads\/2024\/04\/434423276_7923080177722627_5490085963200591322_n-300x225.jpg 300w, https:\/\/przylep.edu.pl\/przedszkole\/wp-content\/uploads\/2024\/04\/434423276_7923080177722627_5490085963200591322_n-768x576.jpg 768w, https:\/\/przylep.edu.pl\/przedszkole\/wp-content\/uploads\/2024\/04\/434423276_7923080177722627_5490085963200591322_n-1536x1152.jpg 1536w, https:\/\/przylep.edu.pl\/przedszkole\/wp-content\/uploads\/2024\/04\/434423276_7923080177722627_5490085963200591322_n-600x450.jpg 600w, https:\/\/przylep.edu.pl\/przedszkole\/wp-content\/uploads\/2024\/04\/434423276_7923080177722627_5490085963200591322_n.jpg 2048w\" sizes=\"auto, (max-width: 1024px) 100vw, 1024px\" \/><\/figure>\n\n\n\n<figure class=\"wp-block-image size-large\"><img loading=\"lazy\" decoding=\"async\" width=\"1024\" height=\"768\" data-id=\"10254\" src=\"https:\/\/przylep.edu.pl\/przedszkole\/wp-content\/uploads\/2024\/04\/434439855_396965613297039_1996664494348216522_n-1024x768.jpg\" alt=\"\" class=\"wp-image-10254\" srcset=\"https:\/\/przylep.edu.pl\/przedszkole\/wp-content\/uploads\/2024\/04\/434439855_396965613297039_1996664494348216522_n-1024x768.jpg 1024w, https:\/\/przylep.edu.pl\/przedszkole\/wp-content\/uploads\/2024\/04\/434439855_396965613297039_1996664494348216522_n-300x225.jpg 300w, https:\/\/przylep.edu.pl\/przedszkole\/wp-content\/uploads\/2024\/04\/434439855_396965613297039_1996664494348216522_n-768x576.jpg 768w, https:\/\/przylep.edu.pl\/przedszkole\/wp-content\/uploads\/2024\/04\/434439855_396965613297039_1996664494348216522_n-1536x1152.jpg 1536w, https:\/\/przylep.edu.pl\/przedszkole\/wp-content\/uploads\/2024\/04\/434439855_396965613297039_1996664494348216522_n-600x450.jpg 600w, https:\/\/przylep.edu.pl\/przedszkole\/wp-content\/uploads\/2024\/04\/434439855_396965613297039_1996664494348216522_n.jpg 2048w\" sizes=\"auto, (max-width: 1024px) 100vw, 1024px\" \/><\/figure>\n\n\n\n<figure class=\"wp-block-image size-large\"><img loading=\"lazy\" decoding=\"async\" width=\"768\" height=\"1024\" data-id=\"10259\" src=\"https:\/\/przylep.edu.pl\/przedszkole\/wp-content\/uploads\/2024\/04\/434504220_447579394473497_2797576194332082147_n-768x1024.jpg\" alt=\"\" class=\"wp-image-10259\" srcset=\"https:\/\/przylep.edu.pl\/przedszkole\/wp-content\/uploads\/2024\/04\/434504220_447579394473497_2797576194332082147_n-768x1024.jpg 768w, https:\/\/przylep.edu.pl\/przedszkole\/wp-content\/uploads\/2024\/04\/434504220_447579394473497_2797576194332082147_n-225x300.jpg 225w, https:\/\/przylep.edu.pl\/przedszkole\/wp-content\/uploads\/2024\/04\/434504220_447579394473497_2797576194332082147_n-1152x1536.jpg 1152w, https:\/\/przylep.edu.pl\/przedszkole\/wp-content\/uploads\/2024\/04\/434504220_447579394473497_2797576194332082147_n.jpg 1500w\" sizes=\"auto, (max-width: 768px) 100vw, 768px\" \/><\/figure>\n\n\n\n<figure class=\"wp-block-image size-large\"><img loading=\"lazy\" decoding=\"async\" width=\"1024\" height=\"768\" data-id=\"10256\" src=\"https:\/\/przylep.edu.pl\/przedszkole\/wp-content\/uploads\/2024\/04\/434506319_1161666388595507_2413215727501475092_n-1024x768.jpg\" alt=\"\" class=\"wp-image-10256\" srcset=\"https:\/\/przylep.edu.pl\/przedszkole\/wp-content\/uploads\/2024\/04\/434506319_1161666388595507_2413215727501475092_n-1024x768.jpg 1024w, https:\/\/przylep.edu.pl\/przedszkole\/wp-content\/uploads\/2024\/04\/434506319_1161666388595507_2413215727501475092_n-300x225.jpg 300w, https:\/\/przylep.edu.pl\/przedszkole\/wp-content\/uploads\/2024\/04\/434506319_1161666388595507_2413215727501475092_n-768x576.jpg 768w, https:\/\/przylep.edu.pl\/przedszkole\/wp-content\/uploads\/2024\/04\/434506319_1161666388595507_2413215727501475092_n-1536x1152.jpg 1536w, https:\/\/przylep.edu.pl\/przedszkole\/wp-content\/uploads\/2024\/04\/434506319_1161666388595507_2413215727501475092_n-600x450.jpg 600w, https:\/\/przylep.edu.pl\/przedszkole\/wp-content\/uploads\/2024\/04\/434506319_1161666388595507_2413215727501475092_n.jpg 2048w\" sizes=\"auto, (max-width: 1024px) 100vw, 1024px\" \/><\/figure>\n\n\n\n<figure class=\"wp-block-image size-large\"><img loading=\"lazy\" decoding=\"async\" width=\"1024\" height=\"768\" data-id=\"10255\" src=\"https:\/\/przylep.edu.pl\/przedszkole\/wp-content\/uploads\/2024\/04\/436021201_402008782626806_4217481232478931630_n-1024x768.jpg\" alt=\"\" class=\"wp-image-10255\" srcset=\"https:\/\/przylep.edu.pl\/przedszkole\/wp-content\/uploads\/2024\/04\/436021201_402008782626806_4217481232478931630_n-1024x768.jpg 1024w, https:\/\/przylep.edu.pl\/przedszkole\/wp-content\/uploads\/2024\/04\/436021201_402008782626806_4217481232478931630_n-300x225.jpg 300w, https:\/\/przylep.edu.pl\/przedszkole\/wp-content\/uploads\/2024\/04\/436021201_402008782626806_4217481232478931630_n-768x576.jpg 768w, https:\/\/przylep.edu.pl\/przedszkole\/wp-content\/uploads\/2024\/04\/436021201_402008782626806_4217481232478931630_n-1536x1152.jpg 1536w, https:\/\/przylep.edu.pl\/przedszkole\/wp-content\/uploads\/2024\/04\/436021201_402008782626806_4217481232478931630_n-600x450.jpg 600w, https:\/\/przylep.edu.pl\/przedszkole\/wp-content\/uploads\/2024\/04\/436021201_402008782626806_4217481232478931630_n.jpg 2048w\" sizes=\"auto, (max-width: 1024px) 100vw, 1024px\" \/><\/figure>\n\n\n\n<figure class=\"wp-block-image size-large\"><img loading=\"lazy\" decoding=\"async\" width=\"1024\" height=\"768\" data-id=\"10257\" src=\"https:\/\/przylep.edu.pl\/przedszkole\/wp-content\/uploads\/2024\/04\/436470350_954693189484830_6506453504742729119_n-1024x768.jpg\" alt=\"\" class=\"wp-image-10257\" srcset=\"https:\/\/przylep.edu.pl\/przedszkole\/wp-content\/uploads\/2024\/04\/436470350_954693189484830_6506453504742729119_n-1024x768.jpg 1024w, https:\/\/przylep.edu.pl\/przedszkole\/wp-content\/uploads\/2024\/04\/436470350_954693189484830_6506453504742729119_n-300x225.jpg 300w, https:\/\/przylep.edu.pl\/przedszkole\/wp-content\/uploads\/2024\/04\/436470350_954693189484830_6506453504742729119_n-768x576.jpg 768w, https:\/\/przylep.edu.pl\/przedszkole\/wp-content\/uploads\/2024\/04\/436470350_954693189484830_6506453504742729119_n-1536x1152.jpg 1536w, https:\/\/przylep.edu.pl\/przedszkole\/wp-content\/uploads\/2024\/04\/436470350_954693189484830_6506453504742729119_n-600x450.jpg 600w, https:\/\/przylep.edu.pl\/przedszkole\/wp-content\/uploads\/2024\/04\/436470350_954693189484830_6506453504742729119_n.jpg 2048w\" sizes=\"auto, (max-width: 1024px) 100vw, 1024px\" \/><\/figure>\n\n\n\n<figure class=\"wp-block-image size-large\"><img loading=\"lazy\" decoding=\"async\" width=\"1024\" height=\"976\" data-id=\"10261\" src=\"https:\/\/przylep.edu.pl\/przedszkole\/wp-content\/uploads\/2024\/04\/436679844_1103626707635316_5509899836809045550_n-1024x976.jpg\" alt=\"\" class=\"wp-image-10261\" srcset=\"https:\/\/przylep.edu.pl\/przedszkole\/wp-content\/uploads\/2024\/04\/436679844_1103626707635316_5509899836809045550_n-1024x976.jpg 1024w, https:\/\/przylep.edu.pl\/przedszkole\/wp-content\/uploads\/2024\/04\/436679844_1103626707635316_5509899836809045550_n-300x286.jpg 300w, https:\/\/przylep.edu.pl\/przedszkole\/wp-content\/uploads\/2024\/04\/436679844_1103626707635316_5509899836809045550_n-768x732.jpg 768w, https:\/\/przylep.edu.pl\/przedszkole\/wp-content\/uploads\/2024\/04\/436679844_1103626707635316_5509899836809045550_n-1536x1464.jpg 1536w, https:\/\/przylep.edu.pl\/przedszkole\/wp-content\/uploads\/2024\/04\/436679844_1103626707635316_5509899836809045550_n.jpg 2048w\" sizes=\"auto, (max-width: 1024px) 100vw, 1024px\" \/><\/figure>\n\n\n\n<figure class=\"wp-block-image size-large\"><img loading=\"lazy\" decoding=\"async\" width=\"1024\" height=\"768\" data-id=\"10258\" src=\"https:\/\/przylep.edu.pl\/przedszkole\/wp-content\/uploads\/2024\/04\/436765092_373309555708441_3361068711920814438_n-1024x768.jpg\" alt=\"\" class=\"wp-image-10258\" srcset=\"https:\/\/przylep.edu.pl\/przedszkole\/wp-content\/uploads\/2024\/04\/436765092_373309555708441_3361068711920814438_n-1024x768.jpg 1024w, https:\/\/przylep.edu.pl\/przedszkole\/wp-content\/uploads\/2024\/04\/436765092_373309555708441_3361068711920814438_n-300x225.jpg 300w, https:\/\/przylep.edu.pl\/przedszkole\/wp-content\/uploads\/2024\/04\/436765092_373309555708441_3361068711920814438_n-768x576.jpg 768w, https:\/\/przylep.edu.pl\/przedszkole\/wp-content\/uploads\/2024\/04\/436765092_373309555708441_3361068711920814438_n-1536x1152.jpg 1536w, https:\/\/przylep.edu.pl\/przedszkole\/wp-content\/uploads\/2024\/04\/436765092_373309555708441_3361068711920814438_n-600x450.jpg 600w, https:\/\/przylep.edu.pl\/przedszkole\/wp-content\/uploads\/2024\/04\/436765092_373309555708441_3361068711920814438_n.jpg 2048w\" sizes=\"auto, (max-width: 1024px) 100vw, 1024px\" \/><\/figure>\n\n\n\n<figure class=\"wp-block-image size-large\"><img loading=\"lazy\" decoding=\"async\" width=\"1024\" height=\"768\" data-id=\"10260\" src=\"https:\/\/przylep.edu.pl\/przedszkole\/wp-content\/uploads\/2024\/04\/436799681_417061074605658_1152681813383307829_n-1024x768.jpg\" alt=\"\" class=\"wp-image-10260\" srcset=\"https:\/\/przylep.edu.pl\/przedszkole\/wp-content\/uploads\/2024\/04\/436799681_417061074605658_1152681813383307829_n-1024x768.jpg 1024w, https:\/\/przylep.edu.pl\/przedszkole\/wp-content\/uploads\/2024\/04\/436799681_417061074605658_1152681813383307829_n-300x225.jpg 300w, https:\/\/przylep.edu.pl\/przedszkole\/wp-content\/uploads\/2024\/04\/436799681_417061074605658_1152681813383307829_n-768x576.jpg 768w, https:\/\/przylep.edu.pl\/przedszkole\/wp-content\/uploads\/2024\/04\/436799681_417061074605658_1152681813383307829_n-1536x1152.jpg 1536w, https:\/\/przylep.edu.pl\/przedszkole\/wp-content\/uploads\/2024\/04\/436799681_417061074605658_1152681813383307829_n-600x450.jpg 600w, https:\/\/przylep.edu.pl\/przedszkole\/wp-content\/uploads\/2024\/04\/436799681_417061074605658_1152681813383307829_n.jpg 2048w\" sizes=\"auto, (max-width: 1024px) 100vw, 1024px\" \/><\/figure>\n<\/figure>\n","protected":false},"excerpt":{"rendered":"<p>Kreatywna wiosna czyli Przegl\u0105d Wiosennych Koszy 17 kwietnia dzieci klas 1-4 wzi\u0119\u0142y udzia\u0142 w Przegl\u0105dzie Wiosennych Koszy. Kosze i koszyczki przyozdobione \u017cywymi, sztucznymi kwiatami, dekorami i ro\u017cnego rodzaju ozdobami zrobione przez naszych uczni\u00f3w zosta\u0142y wystawione w holu naszej szko\u0142y. Mo\u017cna by\u0142o podziwia\u0107 je do ko\u0144ca tygodnia po czym zabra\u0107 ze sob\u0105 do domu.<\/p>\n","protected":false},"author":2,"featured_media":10262,"comment_status":"closed","ping_status":"open","sticky":false,"template":"","format":"standard","meta":{"footnotes":""},"categories":[45,41,40],"tags":[],"class_list":["post-10252","post","type-post","status-publish","format-standard","has-post-thumbnail","hentry","category-aktualnosci","category-galerie","category-strona-glowna"],"_links":{"self":[{"href":"https:\/\/przylep.edu.pl\/przedszkole\/wp-json\/wp\/v2\/posts\/10252","targetHints":{"allow":["GET"]}}],"collection":[{"href":"https:\/\/przylep.edu.pl\/przedszkole\/wp-json\/wp\/v2\/posts"}],"about":[{"href":"https:\/\/przylep.edu.pl\/przedszkole\/wp-json\/wp\/v2\/types\/post"}],"author":[{"embeddable":true,"href":"https:\/\/przylep.edu.pl\/przedszkole\/wp-json\/wp\/v2\/users\/2"}],"replies":[{"embeddable":true,"href":"https:\/\/przylep.edu.pl\/przedszkole\/wp-json\/wp\/v2\/comments?post=10252"}],"version-history":[{"count":1,"href":"https:\/\/przylep.edu.pl\/przedszkole\/wp-json\/wp\/v2\/posts\/10252\/revisions"}],"predecessor-version":[{"id":10263,"href":"https:\/\/przylep.edu.pl\/przedszkole\/wp-json\/wp\/v2\/posts\/10252\/revisions\/10263"}],"wp:featuredmedia":[{"embeddable":true,"href":"https:\/\/przylep.edu.pl\/przedszkole\/wp-json\/wp\/v2\/media\/10262"}],"wp:attachment":[{"href":"https:\/\/przylep.edu.pl\/przedszkole\/wp-json\/wp\/v2\/media?parent=10252"}],"wp:term":[{"taxonomy":"category","embeddable":true,"href":"https:\/\/przylep.edu.pl\/przedszkole\/wp-json\/wp\/v2\/categories?post=10252"},{"taxonomy":"post_tag","embeddable":true,"href":"https:\/\/przylep.edu.pl\/przedszkole\/wp-json\/wp\/v2\/tags?post=10252"}],"curies":[{"name":"wp","href":"https:\/\/api.w.org\/{rel}","templated":true}]}}