{"id":10220,"date":"2024-04-08T22:10:38","date_gmt":"2024-04-08T20:10:38","guid":{"rendered":"https:\/\/przylep.edu.pl\/przedszkole\/?p=10220"},"modified":"2024-04-08T22:10:40","modified_gmt":"2024-04-08T20:10:40","slug":"dzien-swiadomosci-autyzmu","status":"publish","type":"post","link":"https:\/\/przylep.edu.pl\/przedszkole\/2024\/04\/08\/dzien-swiadomosci-autyzmu\/","title":{"rendered":"Dzie\u0144 \u015awiadomo\u015bci Autyzmu"},"content":{"rendered":"\n<p>\u015awiatowy Dzie\u0144 \u015awiadomo\u015bci Autyzmu obchodzony by\u0142 w Zespole Szkolno-Przedszkolnym w Przylepie. Tego dnia, w akcie solidarno\u015bci z osobami w spektrum autyzmu, wszystkie dzieci i nauczyciele ,,za\u015bwiecili si\u0119 na niebiesko&#8221;, akcentuj\u0105c sw\u00f3j ubi\u00f3r tym w\u0142a\u015bnie kolorem. W holu plac\u00f3wki nadal mo\u017cna ogl\u0105da\u0107 wystaw\u0119 prac plastycznych pt. ,,Wsp\u00f3lne chwile z rodzin\u0105&#8221; wykonanych przez uczni\u00f3w ze spektrum autyzmu ze Szko\u0142y Specjalnej nr 52 w Szczecinie.<\/p>\n\n\n\n<figure class=\"wp-block-image size-large\"><img loading=\"lazy\" decoding=\"async\" width=\"1024\" height=\"577\" src=\"https:\/\/przylep.edu.pl\/przedszkole\/wp-content\/uploads\/2024\/04\/434070693_876174601188126_3929607058087372421_n-1024x577.jpg\" alt=\"\" class=\"wp-image-10221\" srcset=\"https:\/\/przylep.edu.pl\/przedszkole\/wp-content\/uploads\/2024\/04\/434070693_876174601188126_3929607058087372421_n-1024x577.jpg 1024w, https:\/\/przylep.edu.pl\/przedszkole\/wp-content\/uploads\/2024\/04\/434070693_876174601188126_3929607058087372421_n-300x169.jpg 300w, https:\/\/przylep.edu.pl\/przedszkole\/wp-content\/uploads\/2024\/04\/434070693_876174601188126_3929607058087372421_n-768x432.jpg 768w, https:\/\/przylep.edu.pl\/przedszkole\/wp-content\/uploads\/2024\/04\/434070693_876174601188126_3929607058087372421_n-1536x865.jpg 1536w, https:\/\/przylep.edu.pl\/przedszkole\/wp-content\/uploads\/2024\/04\/434070693_876174601188126_3929607058087372421_n.jpg 2000w\" sizes=\"auto, (max-width: 1024px) 100vw, 1024px\" \/><\/figure>\n\n\n\n<figure class=\"wp-block-gallery has-nested-images columns-default is-cropped wp-block-gallery-1 is-layout-flex wp-block-gallery-is-layout-flex\">\n<figure class=\"wp-block-image size-large\"><img loading=\"lazy\" decoding=\"async\" width=\"768\" height=\"1024\" data-id=\"10223\" src=\"https:\/\/przylep.edu.pl\/przedszkole\/wp-content\/uploads\/2024\/04\/3ce0152d-a4d9-4f9c-9f4b-4d20beaa291a-768x1024.jpg\" alt=\"\" class=\"wp-image-10223\" srcset=\"https:\/\/przylep.edu.pl\/przedszkole\/wp-content\/uploads\/2024\/04\/3ce0152d-a4d9-4f9c-9f4b-4d20beaa291a-768x1024.jpg 768w, https:\/\/przylep.edu.pl\/przedszkole\/wp-content\/uploads\/2024\/04\/3ce0152d-a4d9-4f9c-9f4b-4d20beaa291a-225x300.jpg 225w, https:\/\/przylep.edu.pl\/przedszkole\/wp-content\/uploads\/2024\/04\/3ce0152d-a4d9-4f9c-9f4b-4d20beaa291a-1152x1536.jpg 1152w, https:\/\/przylep.edu.pl\/przedszkole\/wp-content\/uploads\/2024\/04\/3ce0152d-a4d9-4f9c-9f4b-4d20beaa291a.jpg 1500w\" sizes=\"auto, (max-width: 768px) 100vw, 768px\" \/><\/figure>\n\n\n\n<figure class=\"wp-block-image size-large\"><img loading=\"lazy\" decoding=\"async\" width=\"766\" height=\"1024\" data-id=\"10222\" src=\"https:\/\/przylep.edu.pl\/przedszkole\/wp-content\/uploads\/2024\/04\/6c1a899f-9a5d-4d37-98b9-66e1532dee4e-766x1024.jpg\" alt=\"\" class=\"wp-image-10222\" srcset=\"https:\/\/przylep.edu.pl\/przedszkole\/wp-content\/uploads\/2024\/04\/6c1a899f-9a5d-4d37-98b9-66e1532dee4e-766x1024.jpg 766w, https:\/\/przylep.edu.pl\/przedszkole\/wp-content\/uploads\/2024\/04\/6c1a899f-9a5d-4d37-98b9-66e1532dee4e-224x300.jpg 224w, https:\/\/przylep.edu.pl\/przedszkole\/wp-content\/uploads\/2024\/04\/6c1a899f-9a5d-4d37-98b9-66e1532dee4e-768x1027.jpg 768w, https:\/\/przylep.edu.pl\/przedszkole\/wp-content\/uploads\/2024\/04\/6c1a899f-9a5d-4d37-98b9-66e1532dee4e-1149x1536.jpg 1149w, https:\/\/przylep.edu.pl\/przedszkole\/wp-content\/uploads\/2024\/04\/6c1a899f-9a5d-4d37-98b9-66e1532dee4e.jpg 1496w\" sizes=\"auto, (max-width: 766px) 100vw, 766px\" \/><\/figure>\n<\/figure>\n\n\n\n<figure class=\"wp-block-gallery has-nested-images columns-default is-cropped wp-block-gallery-2 is-layout-flex wp-block-gallery-is-layout-flex\">\n<figure class=\"wp-block-image size-large\"><img loading=\"lazy\" decoding=\"async\" width=\"1024\" height=\"766\" data-id=\"10224\" src=\"https:\/\/przylep.edu.pl\/przedszkole\/wp-content\/uploads\/2024\/04\/5c3ddaec-3dc0-42f8-be52-2eb6820b18bb-1024x766.jpg\" alt=\"\" class=\"wp-image-10224\" srcset=\"https:\/\/przylep.edu.pl\/przedszkole\/wp-content\/uploads\/2024\/04\/5c3ddaec-3dc0-42f8-be52-2eb6820b18bb-1024x766.jpg 1024w, https:\/\/przylep.edu.pl\/przedszkole\/wp-content\/uploads\/2024\/04\/5c3ddaec-3dc0-42f8-be52-2eb6820b18bb-300x224.jpg 300w, https:\/\/przylep.edu.pl\/przedszkole\/wp-content\/uploads\/2024\/04\/5c3ddaec-3dc0-42f8-be52-2eb6820b18bb-768x574.jpg 768w, https:\/\/przylep.edu.pl\/przedszkole\/wp-content\/uploads\/2024\/04\/5c3ddaec-3dc0-42f8-be52-2eb6820b18bb-1536x1149.jpg 1536w, https:\/\/przylep.edu.pl\/przedszkole\/wp-content\/uploads\/2024\/04\/5c3ddaec-3dc0-42f8-be52-2eb6820b18bb-600x450.jpg 600w, https:\/\/przylep.edu.pl\/przedszkole\/wp-content\/uploads\/2024\/04\/5c3ddaec-3dc0-42f8-be52-2eb6820b18bb.jpg 2000w\" sizes=\"auto, (max-width: 1024px) 100vw, 1024px\" \/><\/figure>\n\n\n\n<figure class=\"wp-block-image size-large\"><img loading=\"lazy\" decoding=\"async\" width=\"1024\" height=\"768\" data-id=\"10225\" src=\"https:\/\/przylep.edu.pl\/przedszkole\/wp-content\/uploads\/2024\/04\/5f1f0066-be50-43b4-ac55-8869070ce723-1024x768.jpg\" alt=\"\" class=\"wp-image-10225\" srcset=\"https:\/\/przylep.edu.pl\/przedszkole\/wp-content\/uploads\/2024\/04\/5f1f0066-be50-43b4-ac55-8869070ce723-1024x768.jpg 1024w, https:\/\/przylep.edu.pl\/przedszkole\/wp-content\/uploads\/2024\/04\/5f1f0066-be50-43b4-ac55-8869070ce723-300x225.jpg 300w, https:\/\/przylep.edu.pl\/przedszkole\/wp-content\/uploads\/2024\/04\/5f1f0066-be50-43b4-ac55-8869070ce723-768x576.jpg 768w, https:\/\/przylep.edu.pl\/przedszkole\/wp-content\/uploads\/2024\/04\/5f1f0066-be50-43b4-ac55-8869070ce723-1536x1152.jpg 1536w, https:\/\/przylep.edu.pl\/przedszkole\/wp-content\/uploads\/2024\/04\/5f1f0066-be50-43b4-ac55-8869070ce723-600x450.jpg 600w, https:\/\/przylep.edu.pl\/przedszkole\/wp-content\/uploads\/2024\/04\/5f1f0066-be50-43b4-ac55-8869070ce723.jpg 2048w\" sizes=\"auto, (max-width: 1024px) 100vw, 1024px\" \/><\/figure>\n<\/figure>\n\n\n\n<figure class=\"wp-block-gallery has-nested-images columns-default is-cropped wp-block-gallery-3 is-layout-flex wp-block-gallery-is-layout-flex\">\n<figure class=\"wp-block-image size-large\"><img loading=\"lazy\" decoding=\"async\" width=\"1024\" height=\"768\" data-id=\"10226\" src=\"https:\/\/przylep.edu.pl\/przedszkole\/wp-content\/uploads\/2024\/04\/54cd04df-8c90-4ead-8084-16ac43b709d6-1024x768.jpg\" alt=\"\" class=\"wp-image-10226\" srcset=\"https:\/\/przylep.edu.pl\/przedszkole\/wp-content\/uploads\/2024\/04\/54cd04df-8c90-4ead-8084-16ac43b709d6-1024x768.jpg 1024w, https:\/\/przylep.edu.pl\/przedszkole\/wp-content\/uploads\/2024\/04\/54cd04df-8c90-4ead-8084-16ac43b709d6-300x225.jpg 300w, https:\/\/przylep.edu.pl\/przedszkole\/wp-content\/uploads\/2024\/04\/54cd04df-8c90-4ead-8084-16ac43b709d6-768x576.jpg 768w, https:\/\/przylep.edu.pl\/przedszkole\/wp-content\/uploads\/2024\/04\/54cd04df-8c90-4ead-8084-16ac43b709d6-1536x1152.jpg 1536w, https:\/\/przylep.edu.pl\/przedszkole\/wp-content\/uploads\/2024\/04\/54cd04df-8c90-4ead-8084-16ac43b709d6-600x450.jpg 600w, https:\/\/przylep.edu.pl\/przedszkole\/wp-content\/uploads\/2024\/04\/54cd04df-8c90-4ead-8084-16ac43b709d6.jpg 2000w\" sizes=\"auto, (max-width: 1024px) 100vw, 1024px\" \/><\/figure>\n<\/figure>\n\n\n\n<figure class=\"wp-block-gallery has-nested-images columns-default is-cropped wp-block-gallery-4 is-layout-flex wp-block-gallery-is-layout-flex\">\n<figure class=\"wp-block-image size-large\"><img loading=\"lazy\" decoding=\"async\" width=\"1024\" height=\"577\" data-id=\"10228\" src=\"https:\/\/przylep.edu.pl\/przedszkole\/wp-content\/uploads\/2024\/04\/434451143_876174667854786_2618168669739370349_n-1024x577.jpg\" alt=\"\" class=\"wp-image-10228\" srcset=\"https:\/\/przylep.edu.pl\/przedszkole\/wp-content\/uploads\/2024\/04\/434451143_876174667854786_2618168669739370349_n-1024x577.jpg 1024w, https:\/\/przylep.edu.pl\/przedszkole\/wp-content\/uploads\/2024\/04\/434451143_876174667854786_2618168669739370349_n-300x169.jpg 300w, https:\/\/przylep.edu.pl\/przedszkole\/wp-content\/uploads\/2024\/04\/434451143_876174667854786_2618168669739370349_n-768x432.jpg 768w, https:\/\/przylep.edu.pl\/przedszkole\/wp-content\/uploads\/2024\/04\/434451143_876174667854786_2618168669739370349_n-1536x865.jpg 1536w, https:\/\/przylep.edu.pl\/przedszkole\/wp-content\/uploads\/2024\/04\/434451143_876174667854786_2618168669739370349_n.jpg 2000w\" sizes=\"auto, (max-width: 1024px) 100vw, 1024px\" \/><\/figure>\n\n\n\n<figure class=\"wp-block-image size-large\"><img loading=\"lazy\" decoding=\"async\" width=\"1024\" height=\"577\" data-id=\"10227\" src=\"https:\/\/przylep.edu.pl\/przedszkole\/wp-content\/uploads\/2024\/04\/434463364_876174627854790_8683725929342413453_n-1024x577.jpg\" alt=\"\" class=\"wp-image-10227\" srcset=\"https:\/\/przylep.edu.pl\/przedszkole\/wp-content\/uploads\/2024\/04\/434463364_876174627854790_8683725929342413453_n-1024x577.jpg 1024w, https:\/\/przylep.edu.pl\/przedszkole\/wp-content\/uploads\/2024\/04\/434463364_876174627854790_8683725929342413453_n-300x169.jpg 300w, https:\/\/przylep.edu.pl\/przedszkole\/wp-content\/uploads\/2024\/04\/434463364_876174627854790_8683725929342413453_n-768x432.jpg 768w, https:\/\/przylep.edu.pl\/przedszkole\/wp-content\/uploads\/2024\/04\/434463364_876174627854790_8683725929342413453_n-1536x865.jpg 1536w, https:\/\/przylep.edu.pl\/przedszkole\/wp-content\/uploads\/2024\/04\/434463364_876174627854790_8683725929342413453_n.jpg 2000w\" sizes=\"auto, (max-width: 1024px) 100vw, 1024px\" \/><\/figure>\n<\/figure>\n\n\n\n<figure class=\"wp-block-gallery has-nested-images columns-default is-cropped wp-block-gallery-5 is-layout-flex wp-block-gallery-is-layout-flex\">\n<figure class=\"wp-block-image size-large\"><img loading=\"lazy\" decoding=\"async\" width=\"1024\" height=\"577\" data-id=\"10229\" src=\"https:\/\/przylep.edu.pl\/przedszkole\/wp-content\/uploads\/2024\/04\/434546625_876174204521499_4122084137264006232_n-1024x577.jpg\" alt=\"\" class=\"wp-image-10229\" srcset=\"https:\/\/przylep.edu.pl\/przedszkole\/wp-content\/uploads\/2024\/04\/434546625_876174204521499_4122084137264006232_n-1024x577.jpg 1024w, https:\/\/przylep.edu.pl\/przedszkole\/wp-content\/uploads\/2024\/04\/434546625_876174204521499_4122084137264006232_n-300x169.jpg 300w, https:\/\/przylep.edu.pl\/przedszkole\/wp-content\/uploads\/2024\/04\/434546625_876174204521499_4122084137264006232_n-768x432.jpg 768w, https:\/\/przylep.edu.pl\/przedszkole\/wp-content\/uploads\/2024\/04\/434546625_876174204521499_4122084137264006232_n-1536x865.jpg 1536w, https:\/\/przylep.edu.pl\/przedszkole\/wp-content\/uploads\/2024\/04\/434546625_876174204521499_4122084137264006232_n.jpg 2000w\" sizes=\"auto, (max-width: 1024px) 100vw, 1024px\" \/><\/figure>\n<\/figure>\n\n\n\n<figure class=\"wp-block-gallery has-nested-images columns-default is-cropped wp-block-gallery-6 is-layout-flex wp-block-gallery-is-layout-flex\">\n<figure class=\"wp-block-image size-large\"><img loading=\"lazy\" decoding=\"async\" width=\"768\" height=\"1024\" data-id=\"10232\" src=\"https:\/\/przylep.edu.pl\/przedszkole\/wp-content\/uploads\/2024\/04\/434948248_7385167948198156_1766893118734710253_n-768x1024.jpg\" alt=\"\" class=\"wp-image-10232\" srcset=\"https:\/\/przylep.edu.pl\/przedszkole\/wp-content\/uploads\/2024\/04\/434948248_7385167948198156_1766893118734710253_n-768x1024.jpg 768w, https:\/\/przylep.edu.pl\/przedszkole\/wp-content\/uploads\/2024\/04\/434948248_7385167948198156_1766893118734710253_n-225x300.jpg 225w, https:\/\/przylep.edu.pl\/przedszkole\/wp-content\/uploads\/2024\/04\/434948248_7385167948198156_1766893118734710253_n-1152x1536.jpg 1152w, https:\/\/przylep.edu.pl\/przedszkole\/wp-content\/uploads\/2024\/04\/434948248_7385167948198156_1766893118734710253_n.jpg 1536w\" sizes=\"auto, (max-width: 768px) 100vw, 768px\" \/><\/figure>\n\n\n\n<figure class=\"wp-block-image size-large\"><img loading=\"lazy\" decoding=\"async\" width=\"768\" height=\"1024\" data-id=\"10231\" src=\"https:\/\/przylep.edu.pl\/przedszkole\/wp-content\/uploads\/2024\/04\/434979907_7385177204863897_5281201789856555415_n-1-768x1024.jpg\" alt=\"\" class=\"wp-image-10231\" srcset=\"https:\/\/przylep.edu.pl\/przedszkole\/wp-content\/uploads\/2024\/04\/434979907_7385177204863897_5281201789856555415_n-1-768x1024.jpg 768w, https:\/\/przylep.edu.pl\/przedszkole\/wp-content\/uploads\/2024\/04\/434979907_7385177204863897_5281201789856555415_n-1-225x300.jpg 225w, https:\/\/przylep.edu.pl\/przedszkole\/wp-content\/uploads\/2024\/04\/434979907_7385177204863897_5281201789856555415_n-1-1152x1536.jpg 1152w, https:\/\/przylep.edu.pl\/przedszkole\/wp-content\/uploads\/2024\/04\/434979907_7385177204863897_5281201789856555415_n-1.jpg 1536w\" sizes=\"auto, (max-width: 768px) 100vw, 768px\" \/><\/figure>\n<\/figure>\n","protected":false},"excerpt":{"rendered":"<p>\u015awiatowy Dzie\u0144 \u015awiadomo\u015bci Autyzmu obchodzony by\u0142 w Zespole Szkolno-Przedszkolnym w Przylepie. Tego dnia, w akcie solidarno\u015bci z osobami w spektrum autyzmu, wszystkie dzieci i nauczyciele ,,za\u015bwiecili si\u0119 na niebiesko&#8221;, akcentuj\u0105c sw\u00f3j ubi\u00f3r tym w\u0142a\u015bnie kolorem. W holu plac\u00f3wki nadal mo\u017cna ogl\u0105da\u0107 wystaw\u0119 prac plastycznych pt. ,,Wsp\u00f3lne chwile z rodzin\u0105&#8221; wykonanych przez uczni\u00f3w ze spektrum autyzmu [&hellip;]<\/p>\n","protected":false},"author":2,"featured_media":10233,"comment_status":"closed","ping_status":"open","sticky":false,"template":"","format":"standard","meta":{"footnotes":""},"categories":[45,41,40],"tags":[],"class_list":["post-10220","post","type-post","status-publish","format-standard","has-post-thumbnail","hentry","category-aktualnosci","category-galerie","category-strona-glowna"],"_links":{"self":[{"href":"https:\/\/przylep.edu.pl\/przedszkole\/wp-json\/wp\/v2\/posts\/10220","targetHints":{"allow":["GET"]}}],"collection":[{"href":"https:\/\/przylep.edu.pl\/przedszkole\/wp-json\/wp\/v2\/posts"}],"about":[{"href":"https:\/\/przylep.edu.pl\/przedszkole\/wp-json\/wp\/v2\/types\/post"}],"author":[{"embeddable":true,"href":"https:\/\/przylep.edu.pl\/przedszkole\/wp-json\/wp\/v2\/users\/2"}],"replies":[{"embeddable":true,"href":"https:\/\/przylep.edu.pl\/przedszkole\/wp-json\/wp\/v2\/comments?post=10220"}],"version-history":[{"count":1,"href":"https:\/\/przylep.edu.pl\/przedszkole\/wp-json\/wp\/v2\/posts\/10220\/revisions"}],"predecessor-version":[{"id":10234,"href":"https:\/\/przylep.edu.pl\/przedszkole\/wp-json\/wp\/v2\/posts\/10220\/revisions\/10234"}],"wp:featuredmedia":[{"embeddable":true,"href":"https:\/\/przylep.edu.pl\/przedszkole\/wp-json\/wp\/v2\/media\/10233"}],"wp:attachment":[{"href":"https:\/\/przylep.edu.pl\/przedszkole\/wp-json\/wp\/v2\/media?parent=10220"}],"wp:term":[{"taxonomy":"category","embeddable":true,"href":"https:\/\/przylep.edu.pl\/przedszkole\/wp-json\/wp\/v2\/categories?post=10220"},{"taxonomy":"post_tag","embeddable":true,"href":"https:\/\/przylep.edu.pl\/przedszkole\/wp-json\/wp\/v2\/tags?post=10220"}],"curies":[{"name":"wp","href":"https:\/\/api.w.org\/{rel}","templated":true}]}}