{"id":10204,"date":"2024-04-08T12:38:04","date_gmt":"2024-04-08T10:38:04","guid":{"rendered":"https:\/\/przylep.edu.pl\/przedszkole\/?p=10204"},"modified":"2024-04-08T12:38:06","modified_gmt":"2024-04-08T10:38:06","slug":"nowi-wychowankowie-zsp-przylep","status":"publish","type":"post","link":"https:\/\/przylep.edu.pl\/przedszkole\/2024\/04\/08\/nowi-wychowankowie-zsp-przylep\/","title":{"rendered":"Nowi &#8222;Wychowankowie&#8221; ZSP Przylep."},"content":{"rendered":"\n<p>Zesp\u00f3\u0142 Szkolno &#8211; Przedszkolny w Przylepie w czwartek przywita\u0142 pi\u0119cioro \u201enowych wychowank\u00f3w\u201d! <img loading=\"lazy\" decoding=\"async\" height=\"16\" width=\"16\" src=\"https:\/\/static.xx.fbcdn.net\/images\/emoji.php\/v9\/ta5\/1.5\/16\/1f642.png\" alt=\"\ud83d\ude42\"> Wszystko to za spraw\u0105 Rady Rodzic\u00f3w, kt\u00f3ra zakupi\u0142a dla plac\u00f3wki inkubator do jaj. W okresie przed\u015bwi\u0105tecznym uczniowie i przedszkolaki mogli obserwowa\u0107 rozw\u00f3j \u201eOd jajka do pisklaczka\u201d. Przez 21 dni obserwowali zmiany zachodz\u0105ce w jajkach. Zaznajamiali si\u0119 z jego budow\u0105. Dzieci dowiedzia\u0142y si\u0119, czy z ka\u017cdego jajka b\u0119dzie pisklak. Przedstawiamy Pa\u0144stwu naszych nowych przyjaci\u00f3\u0142, kt\u00f3rzy skradli serca nie tyko dzieci, ale i pracownik\u00f3w oraz rodzic\u00f3w. Oto Pipi, Dziubdziu\u015b i Trojaczki.<\/p>\n\n\n\n<figure class=\"wp-block-gallery has-nested-images columns-2 is-cropped wp-block-gallery-1 is-layout-flex wp-block-gallery-is-layout-flex\">\n<figure class=\"wp-block-image size-large\"><img loading=\"lazy\" decoding=\"async\" width=\"1024\" height=\"575\" data-id=\"10207\" src=\"https:\/\/przylep.edu.pl\/przedszkole\/wp-content\/uploads\/2024\/04\/432918976_878708340934752_4398885436927723595_n-1024x575.jpg\" alt=\"\" class=\"wp-image-10207\" srcset=\"https:\/\/przylep.edu.pl\/przedszkole\/wp-content\/uploads\/2024\/04\/432918976_878708340934752_4398885436927723595_n-1024x575.jpg 1024w, https:\/\/przylep.edu.pl\/przedszkole\/wp-content\/uploads\/2024\/04\/432918976_878708340934752_4398885436927723595_n-300x169.jpg 300w, https:\/\/przylep.edu.pl\/przedszkole\/wp-content\/uploads\/2024\/04\/432918976_878708340934752_4398885436927723595_n-768x432.jpg 768w, https:\/\/przylep.edu.pl\/przedszkole\/wp-content\/uploads\/2024\/04\/432918976_878708340934752_4398885436927723595_n.jpg 1500w\" sizes=\"auto, (max-width: 1024px) 100vw, 1024px\" \/><\/figure>\n\n\n\n<figure class=\"wp-block-image size-large\"><img loading=\"lazy\" decoding=\"async\" width=\"1024\" height=\"577\" data-id=\"10214\" src=\"https:\/\/przylep.edu.pl\/przedszkole\/wp-content\/uploads\/2024\/04\/432936318_878708437601409_950081458279408221_n-1024x577.jpg\" alt=\"\" class=\"wp-image-10214\" srcset=\"https:\/\/przylep.edu.pl\/przedszkole\/wp-content\/uploads\/2024\/04\/432936318_878708437601409_950081458279408221_n-1024x577.jpg 1024w, https:\/\/przylep.edu.pl\/przedszkole\/wp-content\/uploads\/2024\/04\/432936318_878708437601409_950081458279408221_n-300x169.jpg 300w, https:\/\/przylep.edu.pl\/przedszkole\/wp-content\/uploads\/2024\/04\/432936318_878708437601409_950081458279408221_n-768x432.jpg 768w, https:\/\/przylep.edu.pl\/przedszkole\/wp-content\/uploads\/2024\/04\/432936318_878708437601409_950081458279408221_n-1536x865.jpg 1536w, https:\/\/przylep.edu.pl\/przedszkole\/wp-content\/uploads\/2024\/04\/432936318_878708437601409_950081458279408221_n.jpg 2048w\" sizes=\"auto, (max-width: 1024px) 100vw, 1024px\" \/><\/figure>\n\n\n\n<figure class=\"wp-block-image size-large\"><img loading=\"lazy\" decoding=\"async\" width=\"1024\" height=\"577\" data-id=\"10212\" src=\"https:\/\/przylep.edu.pl\/przedszkole\/wp-content\/uploads\/2024\/04\/432950492_878708440934742_1776922230464605536_n-1024x577.jpg\" alt=\"\" class=\"wp-image-10212\" srcset=\"https:\/\/przylep.edu.pl\/przedszkole\/wp-content\/uploads\/2024\/04\/432950492_878708440934742_1776922230464605536_n-1024x577.jpg 1024w, https:\/\/przylep.edu.pl\/przedszkole\/wp-content\/uploads\/2024\/04\/432950492_878708440934742_1776922230464605536_n-300x169.jpg 300w, https:\/\/przylep.edu.pl\/przedszkole\/wp-content\/uploads\/2024\/04\/432950492_878708440934742_1776922230464605536_n-768x432.jpg 768w, https:\/\/przylep.edu.pl\/przedszkole\/wp-content\/uploads\/2024\/04\/432950492_878708440934742_1776922230464605536_n-1536x865.jpg 1536w, https:\/\/przylep.edu.pl\/przedszkole\/wp-content\/uploads\/2024\/04\/432950492_878708440934742_1776922230464605536_n.jpg 2048w\" sizes=\"auto, (max-width: 1024px) 100vw, 1024px\" \/><\/figure>\n\n\n\n<figure class=\"wp-block-image size-large\"><img loading=\"lazy\" decoding=\"async\" width=\"1024\" height=\"577\" data-id=\"10213\" src=\"https:\/\/przylep.edu.pl\/przedszkole\/wp-content\/uploads\/2024\/04\/432955628_878708394268080_8216744450542976739_n-1024x577.jpg\" alt=\"\" class=\"wp-image-10213\" srcset=\"https:\/\/przylep.edu.pl\/przedszkole\/wp-content\/uploads\/2024\/04\/432955628_878708394268080_8216744450542976739_n-1024x577.jpg 1024w, https:\/\/przylep.edu.pl\/przedszkole\/wp-content\/uploads\/2024\/04\/432955628_878708394268080_8216744450542976739_n-300x169.jpg 300w, https:\/\/przylep.edu.pl\/przedszkole\/wp-content\/uploads\/2024\/04\/432955628_878708394268080_8216744450542976739_n-768x432.jpg 768w, https:\/\/przylep.edu.pl\/przedszkole\/wp-content\/uploads\/2024\/04\/432955628_878708394268080_8216744450542976739_n-1536x865.jpg 1536w, https:\/\/przylep.edu.pl\/przedszkole\/wp-content\/uploads\/2024\/04\/432955628_878708394268080_8216744450542976739_n.jpg 2048w\" sizes=\"auto, (max-width: 1024px) 100vw, 1024px\" \/><\/figure>\n\n\n\n<figure class=\"wp-block-image size-large\"><img loading=\"lazy\" decoding=\"async\" width=\"771\" height=\"1024\" data-id=\"10206\" src=\"https:\/\/przylep.edu.pl\/przedszkole\/wp-content\/uploads\/2024\/04\/434647249_400357989446290_5257539512826744700_n-771x1024.jpg\" alt=\"\" class=\"wp-image-10206\" srcset=\"https:\/\/przylep.edu.pl\/przedszkole\/wp-content\/uploads\/2024\/04\/434647249_400357989446290_5257539512826744700_n-771x1024.jpg 771w, https:\/\/przylep.edu.pl\/przedszkole\/wp-content\/uploads\/2024\/04\/434647249_400357989446290_5257539512826744700_n-226x300.jpg 226w, https:\/\/przylep.edu.pl\/przedszkole\/wp-content\/uploads\/2024\/04\/434647249_400357989446290_5257539512826744700_n-768x1020.jpg 768w, https:\/\/przylep.edu.pl\/przedszkole\/wp-content\/uploads\/2024\/04\/434647249_400357989446290_5257539512826744700_n-1157x1536.jpg 1157w, https:\/\/przylep.edu.pl\/przedszkole\/wp-content\/uploads\/2024\/04\/434647249_400357989446290_5257539512826744700_n.jpg 1536w\" sizes=\"auto, (max-width: 771px) 100vw, 771px\" \/><\/figure>\n\n\n\n<figure class=\"wp-block-image size-large\"><img loading=\"lazy\" decoding=\"async\" width=\"1024\" height=\"768\" data-id=\"10209\" src=\"https:\/\/przylep.edu.pl\/przedszkole\/wp-content\/uploads\/2024\/04\/434682002_3151521718317776_5929867061199018678_n-1024x768.jpg\" alt=\"\" class=\"wp-image-10209\" srcset=\"https:\/\/przylep.edu.pl\/przedszkole\/wp-content\/uploads\/2024\/04\/434682002_3151521718317776_5929867061199018678_n-1024x768.jpg 1024w, https:\/\/przylep.edu.pl\/przedszkole\/wp-content\/uploads\/2024\/04\/434682002_3151521718317776_5929867061199018678_n-300x225.jpg 300w, https:\/\/przylep.edu.pl\/przedszkole\/wp-content\/uploads\/2024\/04\/434682002_3151521718317776_5929867061199018678_n-768x576.jpg 768w, https:\/\/przylep.edu.pl\/przedszkole\/wp-content\/uploads\/2024\/04\/434682002_3151521718317776_5929867061199018678_n-1536x1152.jpg 1536w, https:\/\/przylep.edu.pl\/przedszkole\/wp-content\/uploads\/2024\/04\/434682002_3151521718317776_5929867061199018678_n-600x450.jpg 600w, https:\/\/przylep.edu.pl\/przedszkole\/wp-content\/uploads\/2024\/04\/434682002_3151521718317776_5929867061199018678_n.jpg 2048w\" sizes=\"auto, (max-width: 1024px) 100vw, 1024px\" \/><\/figure>\n\n\n\n<figure class=\"wp-block-image size-large\"><img loading=\"lazy\" decoding=\"async\" width=\"1024\" height=\"577\" data-id=\"10211\" src=\"https:\/\/przylep.edu.pl\/przedszkole\/wp-content\/uploads\/2024\/04\/434774921_878708410934745_605452838738004848_n-1024x577.jpg\" alt=\"\" class=\"wp-image-10211\" srcset=\"https:\/\/przylep.edu.pl\/przedszkole\/wp-content\/uploads\/2024\/04\/434774921_878708410934745_605452838738004848_n-1024x577.jpg 1024w, https:\/\/przylep.edu.pl\/przedszkole\/wp-content\/uploads\/2024\/04\/434774921_878708410934745_605452838738004848_n-300x169.jpg 300w, https:\/\/przylep.edu.pl\/przedszkole\/wp-content\/uploads\/2024\/04\/434774921_878708410934745_605452838738004848_n-768x432.jpg 768w, https:\/\/przylep.edu.pl\/przedszkole\/wp-content\/uploads\/2024\/04\/434774921_878708410934745_605452838738004848_n-1536x865.jpg 1536w, https:\/\/przylep.edu.pl\/przedszkole\/wp-content\/uploads\/2024\/04\/434774921_878708410934745_605452838738004848_n.jpg 2048w\" sizes=\"auto, (max-width: 1024px) 100vw, 1024px\" \/><\/figure>\n\n\n\n<figure class=\"wp-block-image size-large\"><img loading=\"lazy\" decoding=\"async\" width=\"768\" height=\"1024\" data-id=\"10210\" src=\"https:\/\/przylep.edu.pl\/przedszkole\/wp-content\/uploads\/2024\/04\/434787660_782067280531113_6443658056858348533_n-768x1024.jpg\" alt=\"\" class=\"wp-image-10210\" srcset=\"https:\/\/przylep.edu.pl\/przedszkole\/wp-content\/uploads\/2024\/04\/434787660_782067280531113_6443658056858348533_n-768x1024.jpg 768w, https:\/\/przylep.edu.pl\/przedszkole\/wp-content\/uploads\/2024\/04\/434787660_782067280531113_6443658056858348533_n-225x300.jpg 225w, https:\/\/przylep.edu.pl\/przedszkole\/wp-content\/uploads\/2024\/04\/434787660_782067280531113_6443658056858348533_n-1152x1536.jpg 1152w, https:\/\/przylep.edu.pl\/przedszkole\/wp-content\/uploads\/2024\/04\/434787660_782067280531113_6443658056858348533_n.jpg 1536w\" sizes=\"auto, (max-width: 768px) 100vw, 768px\" \/><\/figure>\n\n\n\n<figure class=\"wp-block-image size-large\"><img loading=\"lazy\" decoding=\"async\" width=\"1024\" height=\"577\" data-id=\"10218\" src=\"https:\/\/przylep.edu.pl\/przedszkole\/wp-content\/uploads\/2024\/04\/434805155_878708694268050_5190937812483225027_n-1024x577.jpg\" alt=\"\" class=\"wp-image-10218\" srcset=\"https:\/\/przylep.edu.pl\/przedszkole\/wp-content\/uploads\/2024\/04\/434805155_878708694268050_5190937812483225027_n-1024x577.jpg 1024w, https:\/\/przylep.edu.pl\/przedszkole\/wp-content\/uploads\/2024\/04\/434805155_878708694268050_5190937812483225027_n-300x169.jpg 300w, https:\/\/przylep.edu.pl\/przedszkole\/wp-content\/uploads\/2024\/04\/434805155_878708694268050_5190937812483225027_n-768x432.jpg 768w, https:\/\/przylep.edu.pl\/przedszkole\/wp-content\/uploads\/2024\/04\/434805155_878708694268050_5190937812483225027_n-1536x865.jpg 1536w, https:\/\/przylep.edu.pl\/przedszkole\/wp-content\/uploads\/2024\/04\/434805155_878708694268050_5190937812483225027_n.jpg 2048w\" sizes=\"auto, (max-width: 1024px) 100vw, 1024px\" \/><\/figure>\n\n\n\n<figure class=\"wp-block-image size-large\"><img loading=\"lazy\" decoding=\"async\" width=\"1024\" height=\"577\" data-id=\"10215\" src=\"https:\/\/przylep.edu.pl\/przedszkole\/wp-content\/uploads\/2024\/04\/434822504_878708540934732_1816256086591954912_n-1024x577.jpg\" alt=\"\" class=\"wp-image-10215\" srcset=\"https:\/\/przylep.edu.pl\/przedszkole\/wp-content\/uploads\/2024\/04\/434822504_878708540934732_1816256086591954912_n-1024x577.jpg 1024w, https:\/\/przylep.edu.pl\/przedszkole\/wp-content\/uploads\/2024\/04\/434822504_878708540934732_1816256086591954912_n-300x169.jpg 300w, https:\/\/przylep.edu.pl\/przedszkole\/wp-content\/uploads\/2024\/04\/434822504_878708540934732_1816256086591954912_n-768x432.jpg 768w, https:\/\/przylep.edu.pl\/przedszkole\/wp-content\/uploads\/2024\/04\/434822504_878708540934732_1816256086591954912_n-1536x865.jpg 1536w, https:\/\/przylep.edu.pl\/przedszkole\/wp-content\/uploads\/2024\/04\/434822504_878708540934732_1816256086591954912_n.jpg 2048w\" sizes=\"auto, (max-width: 1024px) 100vw, 1024px\" \/><\/figure>\n\n\n\n<figure class=\"wp-block-image size-large\"><img loading=\"lazy\" decoding=\"async\" width=\"1024\" height=\"577\" data-id=\"10217\" src=\"https:\/\/przylep.edu.pl\/przedszkole\/wp-content\/uploads\/2024\/04\/434866076_878708667601386_1770638509174081296_n-1024x577.jpg\" alt=\"\" class=\"wp-image-10217\" srcset=\"https:\/\/przylep.edu.pl\/przedszkole\/wp-content\/uploads\/2024\/04\/434866076_878708667601386_1770638509174081296_n-1024x577.jpg 1024w, https:\/\/przylep.edu.pl\/przedszkole\/wp-content\/uploads\/2024\/04\/434866076_878708667601386_1770638509174081296_n-300x169.jpg 300w, https:\/\/przylep.edu.pl\/przedszkole\/wp-content\/uploads\/2024\/04\/434866076_878708667601386_1770638509174081296_n-768x432.jpg 768w, https:\/\/przylep.edu.pl\/przedszkole\/wp-content\/uploads\/2024\/04\/434866076_878708667601386_1770638509174081296_n-1536x865.jpg 1536w, https:\/\/przylep.edu.pl\/przedszkole\/wp-content\/uploads\/2024\/04\/434866076_878708667601386_1770638509174081296_n.jpg 2048w\" sizes=\"auto, (max-width: 1024px) 100vw, 1024px\" \/><\/figure>\n\n\n\n<figure class=\"wp-block-image size-large\"><img loading=\"lazy\" decoding=\"async\" width=\"768\" height=\"1024\" data-id=\"10208\" src=\"https:\/\/przylep.edu.pl\/przedszkole\/wp-content\/uploads\/2024\/04\/435003890_958803022309927_2581834761128314782_n-768x1024.jpg\" alt=\"\" class=\"wp-image-10208\" srcset=\"https:\/\/przylep.edu.pl\/przedszkole\/wp-content\/uploads\/2024\/04\/435003890_958803022309927_2581834761128314782_n-768x1024.jpg 768w, https:\/\/przylep.edu.pl\/przedszkole\/wp-content\/uploads\/2024\/04\/435003890_958803022309927_2581834761128314782_n-225x300.jpg 225w, https:\/\/przylep.edu.pl\/przedszkole\/wp-content\/uploads\/2024\/04\/435003890_958803022309927_2581834761128314782_n-1152x1536.jpg 1152w, https:\/\/przylep.edu.pl\/przedszkole\/wp-content\/uploads\/2024\/04\/435003890_958803022309927_2581834761128314782_n.jpg 1536w\" sizes=\"auto, (max-width: 768px) 100vw, 768px\" \/><\/figure>\n\n\n\n<figure class=\"wp-block-image size-large\"><img loading=\"lazy\" decoding=\"async\" width=\"1024\" height=\"577\" data-id=\"10216\" src=\"https:\/\/przylep.edu.pl\/przedszkole\/wp-content\/uploads\/2024\/04\/435721321_878708637601389_5571768008146278625_n-1024x577.jpg\" alt=\"\" class=\"wp-image-10216\" srcset=\"https:\/\/przylep.edu.pl\/przedszkole\/wp-content\/uploads\/2024\/04\/435721321_878708637601389_5571768008146278625_n-1024x577.jpg 1024w, https:\/\/przylep.edu.pl\/przedszkole\/wp-content\/uploads\/2024\/04\/435721321_878708637601389_5571768008146278625_n-300x169.jpg 300w, https:\/\/przylep.edu.pl\/przedszkole\/wp-content\/uploads\/2024\/04\/435721321_878708637601389_5571768008146278625_n-768x432.jpg 768w, https:\/\/przylep.edu.pl\/przedszkole\/wp-content\/uploads\/2024\/04\/435721321_878708637601389_5571768008146278625_n-1536x865.jpg 1536w, https:\/\/przylep.edu.pl\/przedszkole\/wp-content\/uploads\/2024\/04\/435721321_878708637601389_5571768008146278625_n.jpg 2048w\" sizes=\"auto, (max-width: 1024px) 100vw, 1024px\" \/><\/figure>\n<\/figure>\n","protected":false},"excerpt":{"rendered":"<p>Zesp\u00f3\u0142 Szkolno &#8211; Przedszkolny w Przylepie w czwartek przywita\u0142 pi\u0119cioro \u201enowych wychowank\u00f3w\u201d! Wszystko to za spraw\u0105 Rady Rodzic\u00f3w, kt\u00f3ra zakupi\u0142a dla plac\u00f3wki inkubator do jaj. W okresie przed\u015bwi\u0105tecznym uczniowie i przedszkolaki mogli obserwowa\u0107 rozw\u00f3j \u201eOd jajka do pisklaczka\u201d. Przez 21 dni obserwowali zmiany zachodz\u0105ce w jajkach. Zaznajamiali si\u0119 z jego budow\u0105. Dzieci dowiedzia\u0142y si\u0119, czy [&hellip;]<\/p>\n","protected":false},"author":2,"featured_media":10205,"comment_status":"closed","ping_status":"open","sticky":false,"template":"","format":"standard","meta":{"footnotes":""},"categories":[45,41,40],"tags":[],"class_list":["post-10204","post","type-post","status-publish","format-standard","has-post-thumbnail","hentry","category-aktualnosci","category-galerie","category-strona-glowna"],"_links":{"self":[{"href":"https:\/\/przylep.edu.pl\/przedszkole\/wp-json\/wp\/v2\/posts\/10204","targetHints":{"allow":["GET"]}}],"collection":[{"href":"https:\/\/przylep.edu.pl\/przedszkole\/wp-json\/wp\/v2\/posts"}],"about":[{"href":"https:\/\/przylep.edu.pl\/przedszkole\/wp-json\/wp\/v2\/types\/post"}],"author":[{"embeddable":true,"href":"https:\/\/przylep.edu.pl\/przedszkole\/wp-json\/wp\/v2\/users\/2"}],"replies":[{"embeddable":true,"href":"https:\/\/przylep.edu.pl\/przedszkole\/wp-json\/wp\/v2\/comments?post=10204"}],"version-history":[{"count":1,"href":"https:\/\/przylep.edu.pl\/przedszkole\/wp-json\/wp\/v2\/posts\/10204\/revisions"}],"predecessor-version":[{"id":10219,"href":"https:\/\/przylep.edu.pl\/przedszkole\/wp-json\/wp\/v2\/posts\/10204\/revisions\/10219"}],"wp:featuredmedia":[{"embeddable":true,"href":"https:\/\/przylep.edu.pl\/przedszkole\/wp-json\/wp\/v2\/media\/10205"}],"wp:attachment":[{"href":"https:\/\/przylep.edu.pl\/przedszkole\/wp-json\/wp\/v2\/media?parent=10204"}],"wp:term":[{"taxonomy":"category","embeddable":true,"href":"https:\/\/przylep.edu.pl\/przedszkole\/wp-json\/wp\/v2\/categories?post=10204"},{"taxonomy":"post_tag","embeddable":true,"href":"https:\/\/przylep.edu.pl\/przedszkole\/wp-json\/wp\/v2\/tags?post=10204"}],"curies":[{"name":"wp","href":"https:\/\/api.w.org\/{rel}","templated":true}]}}