{"id":10167,"date":"2024-03-27T19:45:32","date_gmt":"2024-03-27T18:45:32","guid":{"rendered":"https:\/\/przylep.edu.pl\/przedszkole\/?p=10167"},"modified":"2024-03-27T19:45:35","modified_gmt":"2024-03-27T18:45:35","slug":"powitanie-wiosny-w-przedszkolu","status":"publish","type":"post","link":"https:\/\/przylep.edu.pl\/przedszkole\/2024\/03\/27\/powitanie-wiosny-w-przedszkolu\/","title":{"rendered":"Powitanie wiosny w Przedszkolu"},"content":{"rendered":"\n<p>1 dzie\u0144 wiosny przywita\u0142 nas deszczem i ch\u0142odem.  To troch\u0119 prze\u0142o\u017cy\u0142o w czasie nasze grillowe plany <img loading=\"lazy\" decoding=\"async\" height=\"16\" width=\"16\" src=\"https:\/\/static.xx.fbcdn.net\/images\/emoji.php\/v9\/ta5\/1.5\/16\/1f642.png\" alt=\"\ud83d\ude42\"> Jednak najpi\u0119kniejsz\u0105 por\u0119 roku powitali\u015bmy hucznie i z wielk\u0105 rado\u015bci\u0105. Ka\u017cda grupa przygotowa\u0142a swoj\u0105 marzann\u0119, kt\u00f3ra 21 marca zdobi\u0142a hol naszego przedszkola. Rodzice wraz z dzie\u0107mi wykonali wsp\u00f3lnie pi\u0119kne, kolorowe kwiaty, kt\u00f3re zabrali\u015bmy \u017ce sob\u0105 na wiosenny poch\u00f3d po okolicy. Wszystkie kwiaty posadzili\u015bmy symbolicznie na grupowych grz\u0105dkach <img loading=\"lazy\" decoding=\"async\" height=\"16\" width=\"16\" src=\"https:\/\/static.xx.fbcdn.net\/images\/emoji.php\/v9\/ta5\/1.5\/16\/1f642.png\" alt=\"\ud83d\ude42\"> Ka\u017cda grupa wzi\u0119\u0142a tak\u017ce udzia\u0142 w grze terenowej &#8221; Gdzie jest wiosna?&#8221;. I ka\u017cda tanecznie, \u015bpiewaj\u0105co i w\u015br\u00f3d wielu \u015bmiech\u00f3w wiosn\u0119 odnalaz\u0142a<img loading=\"lazy\" decoding=\"async\" height=\"16\" width=\"16\" src=\"https:\/\/static.xx.fbcdn.net\/images\/emoji.php\/v9\/tf3\/1.5\/16\/2764.png\" alt=\"\u2764\ufe0f\"><\/p>\n\n\n\n<figure class=\"wp-block-gallery has-nested-images columns-default is-cropped wp-block-gallery-1 is-layout-flex wp-block-gallery-is-layout-flex\">\n<figure class=\"wp-block-image size-large\"><img loading=\"lazy\" decoding=\"async\" width=\"768\" height=\"1024\" data-id=\"10168\" src=\"https:\/\/przylep.edu.pl\/przedszkole\/wp-content\/uploads\/2024\/03\/1cdd699d-0bbe-4355-aabd-1430ea59db9f-768x1024.jpg\" alt=\"\" class=\"wp-image-10168\" srcset=\"https:\/\/przylep.edu.pl\/przedszkole\/wp-content\/uploads\/2024\/03\/1cdd699d-0bbe-4355-aabd-1430ea59db9f-768x1024.jpg 768w, https:\/\/przylep.edu.pl\/przedszkole\/wp-content\/uploads\/2024\/03\/1cdd699d-0bbe-4355-aabd-1430ea59db9f-225x300.jpg 225w, https:\/\/przylep.edu.pl\/przedszkole\/wp-content\/uploads\/2024\/03\/1cdd699d-0bbe-4355-aabd-1430ea59db9f-1152x1536.jpg 1152w, https:\/\/przylep.edu.pl\/przedszkole\/wp-content\/uploads\/2024\/03\/1cdd699d-0bbe-4355-aabd-1430ea59db9f.jpg 1200w\" sizes=\"auto, (max-width: 768px) 100vw, 768px\" \/><\/figure>\n\n\n\n<figure class=\"wp-block-image size-large\"><img loading=\"lazy\" decoding=\"async\" width=\"768\" height=\"1024\" data-id=\"10169\" src=\"https:\/\/przylep.edu.pl\/przedszkole\/wp-content\/uploads\/2024\/03\/2b251a9a-0f65-4d2e-a594-d5d536c76fbd-768x1024.jpg\" alt=\"\" class=\"wp-image-10169\" srcset=\"https:\/\/przylep.edu.pl\/przedszkole\/wp-content\/uploads\/2024\/03\/2b251a9a-0f65-4d2e-a594-d5d536c76fbd-768x1024.jpg 768w, https:\/\/przylep.edu.pl\/przedszkole\/wp-content\/uploads\/2024\/03\/2b251a9a-0f65-4d2e-a594-d5d536c76fbd-225x300.jpg 225w, https:\/\/przylep.edu.pl\/przedszkole\/wp-content\/uploads\/2024\/03\/2b251a9a-0f65-4d2e-a594-d5d536c76fbd-1152x1536.jpg 1152w, https:\/\/przylep.edu.pl\/przedszkole\/wp-content\/uploads\/2024\/03\/2b251a9a-0f65-4d2e-a594-d5d536c76fbd.jpg 1200w\" sizes=\"auto, (max-width: 768px) 100vw, 768px\" \/><\/figure>\n<\/figure>\n\n\n\n<figure class=\"wp-block-gallery has-nested-images columns-default is-cropped wp-block-gallery-2 is-layout-flex wp-block-gallery-is-layout-flex\">\n<figure class=\"wp-block-image size-large\"><img loading=\"lazy\" decoding=\"async\" width=\"1024\" height=\"768\" data-id=\"10171\" src=\"https:\/\/przylep.edu.pl\/przedszkole\/wp-content\/uploads\/2024\/03\/5fea5f2c-676b-4c34-a733-886e595d56de-1024x768.jpg\" alt=\"\" class=\"wp-image-10171\" srcset=\"https:\/\/przylep.edu.pl\/przedszkole\/wp-content\/uploads\/2024\/03\/5fea5f2c-676b-4c34-a733-886e595d56de-1024x768.jpg 1024w, https:\/\/przylep.edu.pl\/przedszkole\/wp-content\/uploads\/2024\/03\/5fea5f2c-676b-4c34-a733-886e595d56de-300x225.jpg 300w, https:\/\/przylep.edu.pl\/przedszkole\/wp-content\/uploads\/2024\/03\/5fea5f2c-676b-4c34-a733-886e595d56de-768x576.jpg 768w, https:\/\/przylep.edu.pl\/przedszkole\/wp-content\/uploads\/2024\/03\/5fea5f2c-676b-4c34-a733-886e595d56de-1536x1152.jpg 1536w, https:\/\/przylep.edu.pl\/przedszkole\/wp-content\/uploads\/2024\/03\/5fea5f2c-676b-4c34-a733-886e595d56de-600x450.jpg 600w, https:\/\/przylep.edu.pl\/przedszkole\/wp-content\/uploads\/2024\/03\/5fea5f2c-676b-4c34-a733-886e595d56de.jpg 2048w\" sizes=\"auto, (max-width: 1024px) 100vw, 1024px\" \/><\/figure>\n\n\n\n<figure class=\"wp-block-image size-large\"><img loading=\"lazy\" decoding=\"async\" width=\"577\" height=\"1024\" data-id=\"10170\" src=\"https:\/\/przylep.edu.pl\/przedszkole\/wp-content\/uploads\/2024\/03\/6d2c7e24-3d5f-47f1-85ba-9dfa16bdd1d0-577x1024.jpg\" alt=\"\" class=\"wp-image-10170\" srcset=\"https:\/\/przylep.edu.pl\/przedszkole\/wp-content\/uploads\/2024\/03\/6d2c7e24-3d5f-47f1-85ba-9dfa16bdd1d0-577x1024.jpg 577w, https:\/\/przylep.edu.pl\/przedszkole\/wp-content\/uploads\/2024\/03\/6d2c7e24-3d5f-47f1-85ba-9dfa16bdd1d0-169x300.jpg 169w, https:\/\/przylep.edu.pl\/przedszkole\/wp-content\/uploads\/2024\/03\/6d2c7e24-3d5f-47f1-85ba-9dfa16bdd1d0-768x1363.jpg 768w, https:\/\/przylep.edu.pl\/przedszkole\/wp-content\/uploads\/2024\/03\/6d2c7e24-3d5f-47f1-85ba-9dfa16bdd1d0-865x1536.jpg 865w, https:\/\/przylep.edu.pl\/przedszkole\/wp-content\/uploads\/2024\/03\/6d2c7e24-3d5f-47f1-85ba-9dfa16bdd1d0.jpg 977w\" sizes=\"auto, (max-width: 577px) 100vw, 577px\" \/><\/figure>\n<\/figure>\n\n\n\n<figure class=\"wp-block-gallery has-nested-images columns-default is-cropped wp-block-gallery-3 is-layout-flex wp-block-gallery-is-layout-flex\">\n<figure class=\"wp-block-image size-large\"><img loading=\"lazy\" decoding=\"async\" width=\"768\" height=\"1024\" data-id=\"10172\" src=\"https:\/\/przylep.edu.pl\/przedszkole\/wp-content\/uploads\/2024\/03\/19b5869e-06e9-45f4-9c95-478c6bf334b1-768x1024.jpg\" alt=\"\" class=\"wp-image-10172\" srcset=\"https:\/\/przylep.edu.pl\/przedszkole\/wp-content\/uploads\/2024\/03\/19b5869e-06e9-45f4-9c95-478c6bf334b1-768x1024.jpg 768w, https:\/\/przylep.edu.pl\/przedszkole\/wp-content\/uploads\/2024\/03\/19b5869e-06e9-45f4-9c95-478c6bf334b1-225x300.jpg 225w, https:\/\/przylep.edu.pl\/przedszkole\/wp-content\/uploads\/2024\/03\/19b5869e-06e9-45f4-9c95-478c6bf334b1-1152x1536.jpg 1152w, https:\/\/przylep.edu.pl\/przedszkole\/wp-content\/uploads\/2024\/03\/19b5869e-06e9-45f4-9c95-478c6bf334b1.jpg 1200w\" sizes=\"auto, (max-width: 768px) 100vw, 768px\" \/><\/figure>\n\n\n\n<figure class=\"wp-block-image size-large\"><img loading=\"lazy\" decoding=\"async\" width=\"768\" height=\"1024\" data-id=\"10173\" src=\"https:\/\/przylep.edu.pl\/przedszkole\/wp-content\/uploads\/2024\/03\/82af3cc9-689b-48a8-bb24-b486ef0220bb-768x1024.jpg\" alt=\"\" class=\"wp-image-10173\" srcset=\"https:\/\/przylep.edu.pl\/przedszkole\/wp-content\/uploads\/2024\/03\/82af3cc9-689b-48a8-bb24-b486ef0220bb-768x1024.jpg 768w, https:\/\/przylep.edu.pl\/przedszkole\/wp-content\/uploads\/2024\/03\/82af3cc9-689b-48a8-bb24-b486ef0220bb-225x300.jpg 225w, https:\/\/przylep.edu.pl\/przedszkole\/wp-content\/uploads\/2024\/03\/82af3cc9-689b-48a8-bb24-b486ef0220bb-1152x1536.jpg 1152w, https:\/\/przylep.edu.pl\/przedszkole\/wp-content\/uploads\/2024\/03\/82af3cc9-689b-48a8-bb24-b486ef0220bb.jpg 1200w\" sizes=\"auto, (max-width: 768px) 100vw, 768px\" \/><\/figure>\n<\/figure>\n\n\n\n<figure class=\"wp-block-gallery has-nested-images columns-default is-cropped wp-block-gallery-4 is-layout-flex wp-block-gallery-is-layout-flex\">\n<figure class=\"wp-block-image size-large\"><img loading=\"lazy\" decoding=\"async\" width=\"1024\" height=\"577\" data-id=\"10174\" src=\"https:\/\/przylep.edu.pl\/przedszkole\/wp-content\/uploads\/2024\/03\/19e5b3b2-f712-4f2a-9ade-b73ffd37bce5-1024x577.jpg\" alt=\"\" class=\"wp-image-10174\" srcset=\"https:\/\/przylep.edu.pl\/przedszkole\/wp-content\/uploads\/2024\/03\/19e5b3b2-f712-4f2a-9ade-b73ffd37bce5-1024x577.jpg 1024w, https:\/\/przylep.edu.pl\/przedszkole\/wp-content\/uploads\/2024\/03\/19e5b3b2-f712-4f2a-9ade-b73ffd37bce5-300x169.jpg 300w, https:\/\/przylep.edu.pl\/przedszkole\/wp-content\/uploads\/2024\/03\/19e5b3b2-f712-4f2a-9ade-b73ffd37bce5-768x433.jpg 768w, https:\/\/przylep.edu.pl\/przedszkole\/wp-content\/uploads\/2024\/03\/19e5b3b2-f712-4f2a-9ade-b73ffd37bce5-1536x865.jpg 1536w, https:\/\/przylep.edu.pl\/przedszkole\/wp-content\/uploads\/2024\/03\/19e5b3b2-f712-4f2a-9ade-b73ffd37bce5.jpg 1734w\" sizes=\"auto, (max-width: 1024px) 100vw, 1024px\" \/><\/figure>\n<\/figure>\n\n\n\n<figure class=\"wp-block-gallery has-nested-images columns-default is-cropped wp-block-gallery-5 is-layout-flex wp-block-gallery-is-layout-flex\">\n<figure class=\"wp-block-image size-large\"><img loading=\"lazy\" decoding=\"async\" width=\"1024\" height=\"577\" data-id=\"10175\" src=\"https:\/\/przylep.edu.pl\/przedszkole\/wp-content\/uploads\/2024\/03\/547a3c3a-0c79-40bd-8318-d4d307a7d6ea-1024x577.jpg\" alt=\"\" class=\"wp-image-10175\" srcset=\"https:\/\/przylep.edu.pl\/przedszkole\/wp-content\/uploads\/2024\/03\/547a3c3a-0c79-40bd-8318-d4d307a7d6ea-1024x577.jpg 1024w, https:\/\/przylep.edu.pl\/przedszkole\/wp-content\/uploads\/2024\/03\/547a3c3a-0c79-40bd-8318-d4d307a7d6ea-300x169.jpg 300w, https:\/\/przylep.edu.pl\/przedszkole\/wp-content\/uploads\/2024\/03\/547a3c3a-0c79-40bd-8318-d4d307a7d6ea-768x433.jpg 768w, https:\/\/przylep.edu.pl\/przedszkole\/wp-content\/uploads\/2024\/03\/547a3c3a-0c79-40bd-8318-d4d307a7d6ea-1536x865.jpg 1536w, https:\/\/przylep.edu.pl\/przedszkole\/wp-content\/uploads\/2024\/03\/547a3c3a-0c79-40bd-8318-d4d307a7d6ea.jpg 1734w\" sizes=\"auto, (max-width: 1024px) 100vw, 1024px\" \/><\/figure>\n\n\n\n<figure class=\"wp-block-image size-large\"><img loading=\"lazy\" decoding=\"async\" width=\"1024\" height=\"768\" data-id=\"10176\" src=\"https:\/\/przylep.edu.pl\/przedszkole\/wp-content\/uploads\/2024\/03\/749e5eb8-c8f9-4ae6-997f-9000f776c1c6-1024x768.jpg\" alt=\"\" class=\"wp-image-10176\" srcset=\"https:\/\/przylep.edu.pl\/przedszkole\/wp-content\/uploads\/2024\/03\/749e5eb8-c8f9-4ae6-997f-9000f776c1c6-1024x768.jpg 1024w, https:\/\/przylep.edu.pl\/przedszkole\/wp-content\/uploads\/2024\/03\/749e5eb8-c8f9-4ae6-997f-9000f776c1c6-300x225.jpg 300w, https:\/\/przylep.edu.pl\/przedszkole\/wp-content\/uploads\/2024\/03\/749e5eb8-c8f9-4ae6-997f-9000f776c1c6-768x576.jpg 768w, https:\/\/przylep.edu.pl\/przedszkole\/wp-content\/uploads\/2024\/03\/749e5eb8-c8f9-4ae6-997f-9000f776c1c6-1536x1152.jpg 1536w, https:\/\/przylep.edu.pl\/przedszkole\/wp-content\/uploads\/2024\/03\/749e5eb8-c8f9-4ae6-997f-9000f776c1c6-600x450.jpg 600w, https:\/\/przylep.edu.pl\/przedszkole\/wp-content\/uploads\/2024\/03\/749e5eb8-c8f9-4ae6-997f-9000f776c1c6.jpg 2048w\" sizes=\"auto, (max-width: 1024px) 100vw, 1024px\" \/><\/figure>\n<\/figure>\n\n\n\n<figure class=\"wp-block-gallery has-nested-images columns-default is-cropped wp-block-gallery-6 is-layout-flex wp-block-gallery-is-layout-flex\">\n<figure class=\"wp-block-image size-large\"><img loading=\"lazy\" decoding=\"async\" width=\"577\" height=\"1024\" data-id=\"10177\" src=\"https:\/\/przylep.edu.pl\/przedszkole\/wp-content\/uploads\/2024\/03\/661953df-5ce5-440d-8625-026005ff0861-577x1024.jpg\" alt=\"\" class=\"wp-image-10177\" srcset=\"https:\/\/przylep.edu.pl\/przedszkole\/wp-content\/uploads\/2024\/03\/661953df-5ce5-440d-8625-026005ff0861-577x1024.jpg 577w, https:\/\/przylep.edu.pl\/przedszkole\/wp-content\/uploads\/2024\/03\/661953df-5ce5-440d-8625-026005ff0861-169x300.jpg 169w, https:\/\/przylep.edu.pl\/przedszkole\/wp-content\/uploads\/2024\/03\/661953df-5ce5-440d-8625-026005ff0861-768x1363.jpg 768w, https:\/\/przylep.edu.pl\/przedszkole\/wp-content\/uploads\/2024\/03\/661953df-5ce5-440d-8625-026005ff0861-865x1536.jpg 865w, https:\/\/przylep.edu.pl\/przedszkole\/wp-content\/uploads\/2024\/03\/661953df-5ce5-440d-8625-026005ff0861.jpg 977w\" sizes=\"auto, (max-width: 577px) 100vw, 577px\" \/><\/figure>\n\n\n\n<figure class=\"wp-block-image size-large\"><img loading=\"lazy\" decoding=\"async\" width=\"768\" height=\"1024\" data-id=\"10178\" src=\"https:\/\/przylep.edu.pl\/przedszkole\/wp-content\/uploads\/2024\/03\/434038623_7332081673506784_6007870277457219187_n-768x1024.jpg\" alt=\"\" class=\"wp-image-10178\" srcset=\"https:\/\/przylep.edu.pl\/przedszkole\/wp-content\/uploads\/2024\/03\/434038623_7332081673506784_6007870277457219187_n-768x1024.jpg 768w, https:\/\/przylep.edu.pl\/przedszkole\/wp-content\/uploads\/2024\/03\/434038623_7332081673506784_6007870277457219187_n-225x300.jpg 225w, https:\/\/przylep.edu.pl\/przedszkole\/wp-content\/uploads\/2024\/03\/434038623_7332081673506784_6007870277457219187_n-1152x1536.jpg 1152w, https:\/\/przylep.edu.pl\/przedszkole\/wp-content\/uploads\/2024\/03\/434038623_7332081673506784_6007870277457219187_n.jpg 1536w\" sizes=\"auto, (max-width: 768px) 100vw, 768px\" \/><\/figure>\n<\/figure>\n\n\n\n<figure class=\"wp-block-gallery has-nested-images columns-default is-cropped wp-block-gallery-7 is-layout-flex wp-block-gallery-is-layout-flex\">\n<figure class=\"wp-block-image size-large\"><img loading=\"lazy\" decoding=\"async\" width=\"768\" height=\"1024\" data-id=\"10183\" src=\"https:\/\/przylep.edu.pl\/przedszkole\/wp-content\/uploads\/2024\/03\/434040715_7332078356840449_2548333085862328832_n-768x1024.jpg\" alt=\"\" class=\"wp-image-10183\" srcset=\"https:\/\/przylep.edu.pl\/przedszkole\/wp-content\/uploads\/2024\/03\/434040715_7332078356840449_2548333085862328832_n-768x1024.jpg 768w, https:\/\/przylep.edu.pl\/przedszkole\/wp-content\/uploads\/2024\/03\/434040715_7332078356840449_2548333085862328832_n-225x300.jpg 225w, https:\/\/przylep.edu.pl\/przedszkole\/wp-content\/uploads\/2024\/03\/434040715_7332078356840449_2548333085862328832_n-1152x1536.jpg 1152w, https:\/\/przylep.edu.pl\/przedszkole\/wp-content\/uploads\/2024\/03\/434040715_7332078356840449_2548333085862328832_n.jpg 1536w\" sizes=\"auto, (max-width: 768px) 100vw, 768px\" \/><\/figure>\n\n\n\n<figure class=\"wp-block-image size-large\"><img loading=\"lazy\" decoding=\"async\" width=\"768\" height=\"1024\" data-id=\"10181\" src=\"https:\/\/przylep.edu.pl\/przedszkole\/wp-content\/uploads\/2024\/03\/434054931_7332082423506709_3705343982997979450_n-768x1024.jpg\" alt=\"\" class=\"wp-image-10181\" srcset=\"https:\/\/przylep.edu.pl\/przedszkole\/wp-content\/uploads\/2024\/03\/434054931_7332082423506709_3705343982997979450_n-768x1024.jpg 768w, https:\/\/przylep.edu.pl\/przedszkole\/wp-content\/uploads\/2024\/03\/434054931_7332082423506709_3705343982997979450_n-225x300.jpg 225w, https:\/\/przylep.edu.pl\/przedszkole\/wp-content\/uploads\/2024\/03\/434054931_7332082423506709_3705343982997979450_n-1152x1536.jpg 1152w, https:\/\/przylep.edu.pl\/przedszkole\/wp-content\/uploads\/2024\/03\/434054931_7332082423506709_3705343982997979450_n.jpg 1536w\" sizes=\"auto, (max-width: 768px) 100vw, 768px\" \/><\/figure>\n<\/figure>\n\n\n\n<figure class=\"wp-block-gallery has-nested-images columns-default is-cropped wp-block-gallery-8 is-layout-flex wp-block-gallery-is-layout-flex\">\n<figure class=\"wp-block-image size-large\"><img loading=\"lazy\" decoding=\"async\" width=\"768\" height=\"1024\" data-id=\"10180\" src=\"https:\/\/przylep.edu.pl\/przedszkole\/wp-content\/uploads\/2024\/03\/434195965_7332077136840571_5660580175358752555_n-768x1024.jpg\" alt=\"\" class=\"wp-image-10180\" srcset=\"https:\/\/przylep.edu.pl\/przedszkole\/wp-content\/uploads\/2024\/03\/434195965_7332077136840571_5660580175358752555_n-768x1024.jpg 768w, https:\/\/przylep.edu.pl\/przedszkole\/wp-content\/uploads\/2024\/03\/434195965_7332077136840571_5660580175358752555_n-225x300.jpg 225w, https:\/\/przylep.edu.pl\/przedszkole\/wp-content\/uploads\/2024\/03\/434195965_7332077136840571_5660580175358752555_n-1152x1536.jpg 1152w, https:\/\/przylep.edu.pl\/przedszkole\/wp-content\/uploads\/2024\/03\/434195965_7332077136840571_5660580175358752555_n.jpg 1536w\" sizes=\"auto, (max-width: 768px) 100vw, 768px\" \/><\/figure>\n\n\n\n<figure class=\"wp-block-image size-large\"><img loading=\"lazy\" decoding=\"async\" width=\"577\" height=\"1024\" data-id=\"10179\" src=\"https:\/\/przylep.edu.pl\/przedszkole\/wp-content\/uploads\/2024\/03\/d2ea86a3-6a4f-487d-af35-1dec7c7dc43b-577x1024.jpg\" alt=\"\" class=\"wp-image-10179\" srcset=\"https:\/\/przylep.edu.pl\/przedszkole\/wp-content\/uploads\/2024\/03\/d2ea86a3-6a4f-487d-af35-1dec7c7dc43b-577x1024.jpg 577w, https:\/\/przylep.edu.pl\/przedszkole\/wp-content\/uploads\/2024\/03\/d2ea86a3-6a4f-487d-af35-1dec7c7dc43b-169x300.jpg 169w, https:\/\/przylep.edu.pl\/przedszkole\/wp-content\/uploads\/2024\/03\/d2ea86a3-6a4f-487d-af35-1dec7c7dc43b-768x1363.jpg 768w, https:\/\/przylep.edu.pl\/przedszkole\/wp-content\/uploads\/2024\/03\/d2ea86a3-6a4f-487d-af35-1dec7c7dc43b-865x1536.jpg 865w, https:\/\/przylep.edu.pl\/przedszkole\/wp-content\/uploads\/2024\/03\/d2ea86a3-6a4f-487d-af35-1dec7c7dc43b.jpg 977w\" sizes=\"auto, (max-width: 577px) 100vw, 577px\" \/><\/figure>\n<\/figure>\n\n\n\n<figure class=\"wp-block-gallery has-nested-images columns-default is-cropped wp-block-gallery-9 is-layout-flex wp-block-gallery-is-layout-flex\">\n<figure class=\"wp-block-image size-large\"><img loading=\"lazy\" decoding=\"async\" width=\"1024\" height=\"577\" data-id=\"10182\" src=\"https:\/\/przylep.edu.pl\/przedszkole\/wp-content\/uploads\/2024\/03\/a14046f9-c0dc-4704-aef5-485956b2687a-1024x577.jpg\" alt=\"\" class=\"wp-image-10182\" srcset=\"https:\/\/przylep.edu.pl\/przedszkole\/wp-content\/uploads\/2024\/03\/a14046f9-c0dc-4704-aef5-485956b2687a-1024x577.jpg 1024w, https:\/\/przylep.edu.pl\/przedszkole\/wp-content\/uploads\/2024\/03\/a14046f9-c0dc-4704-aef5-485956b2687a-300x169.jpg 300w, https:\/\/przylep.edu.pl\/przedszkole\/wp-content\/uploads\/2024\/03\/a14046f9-c0dc-4704-aef5-485956b2687a-768x433.jpg 768w, https:\/\/przylep.edu.pl\/przedszkole\/wp-content\/uploads\/2024\/03\/a14046f9-c0dc-4704-aef5-485956b2687a-1536x865.jpg 1536w, https:\/\/przylep.edu.pl\/przedszkole\/wp-content\/uploads\/2024\/03\/a14046f9-c0dc-4704-aef5-485956b2687a.jpg 1734w\" sizes=\"auto, (max-width: 1024px) 100vw, 1024px\" \/><\/figure>\n<\/figure>\n\n\n\n<figure class=\"wp-block-gallery has-nested-images columns-default is-cropped wp-block-gallery-10 is-layout-flex wp-block-gallery-is-layout-flex\">\n<figure class=\"wp-block-image size-large\"><img loading=\"lazy\" decoding=\"async\" width=\"1024\" height=\"577\" data-id=\"10184\" src=\"https:\/\/przylep.edu.pl\/przedszkole\/wp-content\/uploads\/2024\/03\/b5df1554-20a1-4371-abd5-1522b444240c-1024x577.jpg\" alt=\"\" class=\"wp-image-10184\" srcset=\"https:\/\/przylep.edu.pl\/przedszkole\/wp-content\/uploads\/2024\/03\/b5df1554-20a1-4371-abd5-1522b444240c-1024x577.jpg 1024w, https:\/\/przylep.edu.pl\/przedszkole\/wp-content\/uploads\/2024\/03\/b5df1554-20a1-4371-abd5-1522b444240c-300x169.jpg 300w, https:\/\/przylep.edu.pl\/przedszkole\/wp-content\/uploads\/2024\/03\/b5df1554-20a1-4371-abd5-1522b444240c-768x433.jpg 768w, https:\/\/przylep.edu.pl\/przedszkole\/wp-content\/uploads\/2024\/03\/b5df1554-20a1-4371-abd5-1522b444240c-1536x865.jpg 1536w, https:\/\/przylep.edu.pl\/przedszkole\/wp-content\/uploads\/2024\/03\/b5df1554-20a1-4371-abd5-1522b444240c.jpg 1734w\" sizes=\"auto, (max-width: 1024px) 100vw, 1024px\" \/><\/figure>\n<\/figure>\n\n\n\n<figure class=\"wp-block-gallery has-nested-images columns-default is-cropped wp-block-gallery-11 is-layout-flex wp-block-gallery-is-layout-flex\"><\/figure>\n","protected":false},"excerpt":{"rendered":"<p>1 dzie\u0144 wiosny przywita\u0142 nas deszczem i ch\u0142odem. To troch\u0119 prze\u0142o\u017cy\u0142o w czasie nasze grillowe plany Jednak najpi\u0119kniejsz\u0105 por\u0119 roku powitali\u015bmy hucznie i z wielk\u0105 rado\u015bci\u0105. Ka\u017cda grupa przygotowa\u0142a swoj\u0105 marzann\u0119, kt\u00f3ra 21 marca zdobi\u0142a hol naszego przedszkola. Rodzice wraz z dzie\u0107mi wykonali wsp\u00f3lnie pi\u0119kne, kolorowe kwiaty, kt\u00f3re zabrali\u015bmy \u017ce sob\u0105 na wiosenny poch\u00f3d po [&hellip;]<\/p>\n","protected":false},"author":2,"featured_media":10185,"comment_status":"closed","ping_status":"open","sticky":false,"template":"","format":"standard","meta":{"footnotes":""},"categories":[45,41,40],"tags":[],"class_list":["post-10167","post","type-post","status-publish","format-standard","has-post-thumbnail","hentry","category-aktualnosci","category-galerie","category-strona-glowna"],"_links":{"self":[{"href":"https:\/\/przylep.edu.pl\/przedszkole\/wp-json\/wp\/v2\/posts\/10167","targetHints":{"allow":["GET"]}}],"collection":[{"href":"https:\/\/przylep.edu.pl\/przedszkole\/wp-json\/wp\/v2\/posts"}],"about":[{"href":"https:\/\/przylep.edu.pl\/przedszkole\/wp-json\/wp\/v2\/types\/post"}],"author":[{"embeddable":true,"href":"https:\/\/przylep.edu.pl\/przedszkole\/wp-json\/wp\/v2\/users\/2"}],"replies":[{"embeddable":true,"href":"https:\/\/przylep.edu.pl\/przedszkole\/wp-json\/wp\/v2\/comments?post=10167"}],"version-history":[{"count":1,"href":"https:\/\/przylep.edu.pl\/przedszkole\/wp-json\/wp\/v2\/posts\/10167\/revisions"}],"predecessor-version":[{"id":10186,"href":"https:\/\/przylep.edu.pl\/przedszkole\/wp-json\/wp\/v2\/posts\/10167\/revisions\/10186"}],"wp:featuredmedia":[{"embeddable":true,"href":"https:\/\/przylep.edu.pl\/przedszkole\/wp-json\/wp\/v2\/media\/10185"}],"wp:attachment":[{"href":"https:\/\/przylep.edu.pl\/przedszkole\/wp-json\/wp\/v2\/media?parent=10167"}],"wp:term":[{"taxonomy":"category","embeddable":true,"href":"https:\/\/przylep.edu.pl\/przedszkole\/wp-json\/wp\/v2\/categories?post=10167"},{"taxonomy":"post_tag","embeddable":true,"href":"https:\/\/przylep.edu.pl\/przedszkole\/wp-json\/wp\/v2\/tags?post=10167"}],"curies":[{"name":"wp","href":"https:\/\/api.w.org\/{rel}","templated":true}]}}