{"id":10163,"date":"2024-03-27T11:14:11","date_gmt":"2024-03-27T10:14:11","guid":{"rendered":"https:\/\/przylep.edu.pl\/przedszkole\/?p=10163"},"modified":"2024-03-27T11:14:13","modified_gmt":"2024-03-27T10:14:13","slug":"sukces-naszego-ucznia-kl-4","status":"publish","type":"post","link":"https:\/\/przylep.edu.pl\/przedszkole\/2024\/03\/27\/sukces-naszego-ucznia-kl-4\/","title":{"rendered":"Sukces naszego ucznia kl 4!"},"content":{"rendered":"\n<p>Ucze\u0144 kl 4 naszej Szko\u0142y Podstawowej Filip Bo\u0107 zosta\u0142 III Laureatem w konkursie og\u00f3lnopolskim Instalogik, uzyskuj\u0105c najlepszy wynik w 4 klasach w powiecie Polickim. Jest to konkurs matematyczno-informatyczny, kt\u00f3ry sk\u0142ada\u0142 si\u0119 z 3 etap\u00f3w, a na starcie by\u0142o 12tys. uczestnik\u00f3w! Gratulujemy Filipowi i trzymamy kciuki za dalsze sukcesy!<\/p>\n\n\n\n<p> <\/p>\n\n\n\n<figure class=\"wp-block-gallery has-nested-images columns-default is-cropped wp-block-gallery-1 is-layout-flex wp-block-gallery-is-layout-flex\">\n<figure class=\"wp-block-image size-large\"><img loading=\"lazy\" decoding=\"async\" width=\"725\" height=\"1024\" data-id=\"10164\" src=\"https:\/\/przylep.edu.pl\/przedszkole\/wp-content\/uploads\/2024\/03\/430970918_2657543181086948_7220688059197865650_n-725x1024.jpg\" alt=\"\" class=\"wp-image-10164\" srcset=\"https:\/\/przylep.edu.pl\/przedszkole\/wp-content\/uploads\/2024\/03\/430970918_2657543181086948_7220688059197865650_n-725x1024.jpg 725w, https:\/\/przylep.edu.pl\/przedszkole\/wp-content\/uploads\/2024\/03\/430970918_2657543181086948_7220688059197865650_n-212x300.jpg 212w, https:\/\/przylep.edu.pl\/przedszkole\/wp-content\/uploads\/2024\/03\/430970918_2657543181086948_7220688059197865650_n-768x1085.jpg 768w, https:\/\/przylep.edu.pl\/przedszkole\/wp-content\/uploads\/2024\/03\/430970918_2657543181086948_7220688059197865650_n-1087x1536.jpg 1087w, https:\/\/przylep.edu.pl\/przedszkole\/wp-content\/uploads\/2024\/03\/430970918_2657543181086948_7220688059197865650_n.jpg 1241w\" sizes=\"auto, (max-width: 725px) 100vw, 725px\" \/><\/figure>\n<\/figure>\n","protected":false},"excerpt":{"rendered":"<p>Ucze\u0144 kl 4 naszej Szko\u0142y Podstawowej Filip Bo\u0107 zosta\u0142 III Laureatem w konkursie og\u00f3lnopolskim Instalogik, uzyskuj\u0105c najlepszy wynik w 4 klasach w powiecie Polickim. Jest to konkurs matematyczno-informatyczny, kt\u00f3ry sk\u0142ada\u0142 si\u0119 z 3 etap\u00f3w, a na starcie by\u0142o 12tys. uczestnik\u00f3w! Gratulujemy Filipowi i trzymamy kciuki za dalsze sukcesy!<\/p>\n","protected":false},"author":2,"featured_media":10165,"comment_status":"closed","ping_status":"open","sticky":false,"template":"","format":"standard","meta":{"footnotes":""},"categories":[45,41,40],"tags":[],"class_list":["post-10163","post","type-post","status-publish","format-standard","has-post-thumbnail","hentry","category-aktualnosci","category-galerie","category-strona-glowna"],"_links":{"self":[{"href":"https:\/\/przylep.edu.pl\/przedszkole\/wp-json\/wp\/v2\/posts\/10163","targetHints":{"allow":["GET"]}}],"collection":[{"href":"https:\/\/przylep.edu.pl\/przedszkole\/wp-json\/wp\/v2\/posts"}],"about":[{"href":"https:\/\/przylep.edu.pl\/przedszkole\/wp-json\/wp\/v2\/types\/post"}],"author":[{"embeddable":true,"href":"https:\/\/przylep.edu.pl\/przedszkole\/wp-json\/wp\/v2\/users\/2"}],"replies":[{"embeddable":true,"href":"https:\/\/przylep.edu.pl\/przedszkole\/wp-json\/wp\/v2\/comments?post=10163"}],"version-history":[{"count":1,"href":"https:\/\/przylep.edu.pl\/przedszkole\/wp-json\/wp\/v2\/posts\/10163\/revisions"}],"predecessor-version":[{"id":10166,"href":"https:\/\/przylep.edu.pl\/przedszkole\/wp-json\/wp\/v2\/posts\/10163\/revisions\/10166"}],"wp:featuredmedia":[{"embeddable":true,"href":"https:\/\/przylep.edu.pl\/przedszkole\/wp-json\/wp\/v2\/media\/10165"}],"wp:attachment":[{"href":"https:\/\/przylep.edu.pl\/przedszkole\/wp-json\/wp\/v2\/media?parent=10163"}],"wp:term":[{"taxonomy":"category","embeddable":true,"href":"https:\/\/przylep.edu.pl\/przedszkole\/wp-json\/wp\/v2\/categories?post=10163"},{"taxonomy":"post_tag","embeddable":true,"href":"https:\/\/przylep.edu.pl\/przedszkole\/wp-json\/wp\/v2\/tags?post=10163"}],"curies":[{"name":"wp","href":"https:\/\/api.w.org\/{rel}","templated":true}]}}