{"id":10124,"date":"2024-03-27T10:19:05","date_gmt":"2024-03-27T09:19:05","guid":{"rendered":"https:\/\/przylep.edu.pl\/przedszkole\/?p=10124"},"modified":"2024-03-27T10:39:52","modified_gmt":"2024-03-27T09:39:52","slug":"walentynki-w-szkole-podstawowej","status":"publish","type":"post","link":"https:\/\/przylep.edu.pl\/przedszkole\/2024\/03\/27\/walentynki-w-szkole-podstawowej\/","title":{"rendered":"Walentynki w Szkole Podstawowej"},"content":{"rendered":"\n<p>Walentynki to \u015bwi\u0119to zakochanych i zaprzyja\u017anionych.<br>Ka\u017cdy ucze\u0144 m\u00f3g\u0142 napisa\u0107 kilka mi\u0142ych s\u0142\u00f3w lubianej\/kochanej osobie. Do specjalnie przygotowanej na ten dzie\u0144 ogromnej, czerwonej skrzynki ustawionej w holu szko\u0142y przez tydzie\u0144 poprzedzaj\u0105cy dzie\u0144 \u015bw. Walentego uczniowie mogli wrzuca\u0107 walentynkowe listy do swoich sympatii, kole\u017canek i koleg\u00f3w oraz pracownik\u00f3w naszej plac\u00f3wki. W \u015brod\u0119 14 lutego uczniowie klasy 2A wraz z wychowawczyni\u0105 zamienili si\u0119 w Amorki roznosz\u0105ce poczt\u0119 walentynkow\u0105 i rozdawali ka\u017cdej klasie kosze pe\u0142ne kartek i list\u00f3w. Z okazji tego \u015bwi\u0119ta w klasach odby\u0142y si\u0119 konkursy, ogl\u0105dano filmy edukacyjne, uczniowie brali udzia\u0142<br>w zabawach i grach o tematyce walentynkowej, a pierwszaki wykona\u0142y pi\u0119kne drewniane zak\u0142adki. Walentynki to ju\u017c kolejna okazja, kt\u00f3ra pokaza\u0142a, \u017ce jeste\u015bmy niezwykle zgran\u0105<br>i przyjacielsk\u0105 spo\u0142eczno\u015bci\u0105 szkoln\u0105. Dzi\u0119kujemy wszystkim wychowawcom<br>i pracownikom za organizacj\u0119 tego \u015bwi\u0119ta.<\/p>\n\n\n\n<figure class=\"wp-block-gallery has-nested-images columns-default is-cropped wp-block-gallery-1 is-layout-flex wp-block-gallery-is-layout-flex\">\n<figure class=\"wp-block-image size-large\"><img loading=\"lazy\" decoding=\"async\" width=\"1024\" height=\"1024\" data-id=\"10125\" src=\"https:\/\/przylep.edu.pl\/przedszkole\/wp-content\/uploads\/2024\/03\/WhatsApp-Image-2024-03-21-at-11.29.11-COLLAGE-1024x1024.jpg\" alt=\"\" class=\"wp-image-10125\" srcset=\"https:\/\/przylep.edu.pl\/przedszkole\/wp-content\/uploads\/2024\/03\/WhatsApp-Image-2024-03-21-at-11.29.11-COLLAGE-1024x1024.jpg 1024w, https:\/\/przylep.edu.pl\/przedszkole\/wp-content\/uploads\/2024\/03\/WhatsApp-Image-2024-03-21-at-11.29.11-COLLAGE-300x300.jpg 300w, https:\/\/przylep.edu.pl\/przedszkole\/wp-content\/uploads\/2024\/03\/WhatsApp-Image-2024-03-21-at-11.29.11-COLLAGE-150x150.jpg 150w, https:\/\/przylep.edu.pl\/przedszkole\/wp-content\/uploads\/2024\/03\/WhatsApp-Image-2024-03-21-at-11.29.11-COLLAGE-768x768.jpg 768w, https:\/\/przylep.edu.pl\/przedszkole\/wp-content\/uploads\/2024\/03\/WhatsApp-Image-2024-03-21-at-11.29.11-COLLAGE-600x600.jpg 600w, https:\/\/przylep.edu.pl\/przedszkole\/wp-content\/uploads\/2024\/03\/WhatsApp-Image-2024-03-21-at-11.29.11-COLLAGE.jpg 1126w\" sizes=\"auto, (max-width: 1024px) 100vw, 1024px\" \/><\/figure>\n<\/figure>\n\n\n\n<figure class=\"wp-block-gallery has-nested-images columns-default is-cropped wp-block-gallery-2 is-layout-flex wp-block-gallery-is-layout-flex\">\n<figure class=\"wp-block-image size-large\"><img loading=\"lazy\" decoding=\"async\" width=\"1024\" height=\"1024\" data-id=\"10126\" src=\"https:\/\/przylep.edu.pl\/przedszkole\/wp-content\/uploads\/2024\/03\/WhatsApp-Image-2024-03-21-at-11.54.32-3-COLLAGE-1024x1024.jpg\" alt=\"\" class=\"wp-image-10126\" srcset=\"https:\/\/przylep.edu.pl\/przedszkole\/wp-content\/uploads\/2024\/03\/WhatsApp-Image-2024-03-21-at-11.54.32-3-COLLAGE-1024x1024.jpg 1024w, https:\/\/przylep.edu.pl\/przedszkole\/wp-content\/uploads\/2024\/03\/WhatsApp-Image-2024-03-21-at-11.54.32-3-COLLAGE-300x300.jpg 300w, https:\/\/przylep.edu.pl\/przedszkole\/wp-content\/uploads\/2024\/03\/WhatsApp-Image-2024-03-21-at-11.54.32-3-COLLAGE-150x150.jpg 150w, https:\/\/przylep.edu.pl\/przedszkole\/wp-content\/uploads\/2024\/03\/WhatsApp-Image-2024-03-21-at-11.54.32-3-COLLAGE-768x768.jpg 768w, https:\/\/przylep.edu.pl\/przedszkole\/wp-content\/uploads\/2024\/03\/WhatsApp-Image-2024-03-21-at-11.54.32-3-COLLAGE-600x600.jpg 600w, https:\/\/przylep.edu.pl\/przedszkole\/wp-content\/uploads\/2024\/03\/WhatsApp-Image-2024-03-21-at-11.54.32-3-COLLAGE.jpg 1296w\" sizes=\"auto, (max-width: 1024px) 100vw, 1024px\" \/><\/figure>\n<\/figure>\n\n\n\n<figure class=\"wp-block-gallery has-nested-images columns-default is-cropped wp-block-gallery-3 is-layout-flex wp-block-gallery-is-layout-flex\">\n<figure class=\"wp-block-image size-large\"><img loading=\"lazy\" decoding=\"async\" width=\"1024\" height=\"1024\" data-id=\"10127\" src=\"https:\/\/przylep.edu.pl\/przedszkole\/wp-content\/uploads\/2024\/03\/WhatsApp-Image-2024-03-21-at-15.14.02-COLLAGE-1024x1024.jpg\" alt=\"\" class=\"wp-image-10127\" srcset=\"https:\/\/przylep.edu.pl\/przedszkole\/wp-content\/uploads\/2024\/03\/WhatsApp-Image-2024-03-21-at-15.14.02-COLLAGE-1024x1024.jpg 1024w, https:\/\/przylep.edu.pl\/przedszkole\/wp-content\/uploads\/2024\/03\/WhatsApp-Image-2024-03-21-at-15.14.02-COLLAGE-300x300.jpg 300w, https:\/\/przylep.edu.pl\/przedszkole\/wp-content\/uploads\/2024\/03\/WhatsApp-Image-2024-03-21-at-15.14.02-COLLAGE-150x150.jpg 150w, https:\/\/przylep.edu.pl\/przedszkole\/wp-content\/uploads\/2024\/03\/WhatsApp-Image-2024-03-21-at-15.14.02-COLLAGE-768x768.jpg 768w, https:\/\/przylep.edu.pl\/przedszkole\/wp-content\/uploads\/2024\/03\/WhatsApp-Image-2024-03-21-at-15.14.02-COLLAGE-1536x1536.jpg 1536w, https:\/\/przylep.edu.pl\/przedszkole\/wp-content\/uploads\/2024\/03\/WhatsApp-Image-2024-03-21-at-15.14.02-COLLAGE-600x600.jpg 600w, https:\/\/przylep.edu.pl\/przedszkole\/wp-content\/uploads\/2024\/03\/WhatsApp-Image-2024-03-21-at-15.14.02-COLLAGE.jpg 2047w\" sizes=\"auto, (max-width: 1024px) 100vw, 1024px\" \/><\/figure>\n<\/figure>\n","protected":false},"excerpt":{"rendered":"<p>Walentynki to \u015bwi\u0119to zakochanych i zaprzyja\u017anionych.Ka\u017cdy ucze\u0144 m\u00f3g\u0142 napisa\u0107 kilka mi\u0142ych s\u0142\u00f3w lubianej\/kochanej osobie. Do specjalnie przygotowanej na ten dzie\u0144 ogromnej, czerwonej skrzynki ustawionej w holu szko\u0142y przez tydzie\u0144 poprzedzaj\u0105cy dzie\u0144 \u015bw. Walentego uczniowie mogli wrzuca\u0107 walentynkowe listy do swoich sympatii, kole\u017canek i koleg\u00f3w oraz pracownik\u00f3w naszej plac\u00f3wki. W \u015brod\u0119 14 lutego uczniowie klasy 2A [&hellip;]<\/p>\n","protected":false},"author":2,"featured_media":10128,"comment_status":"closed","ping_status":"open","sticky":false,"template":"","format":"standard","meta":{"footnotes":""},"categories":[45,41,40],"tags":[],"class_list":["post-10124","post","type-post","status-publish","format-standard","has-post-thumbnail","hentry","category-aktualnosci","category-galerie","category-strona-glowna"],"_links":{"self":[{"href":"https:\/\/przylep.edu.pl\/przedszkole\/wp-json\/wp\/v2\/posts\/10124","targetHints":{"allow":["GET"]}}],"collection":[{"href":"https:\/\/przylep.edu.pl\/przedszkole\/wp-json\/wp\/v2\/posts"}],"about":[{"href":"https:\/\/przylep.edu.pl\/przedszkole\/wp-json\/wp\/v2\/types\/post"}],"author":[{"embeddable":true,"href":"https:\/\/przylep.edu.pl\/przedszkole\/wp-json\/wp\/v2\/users\/2"}],"replies":[{"embeddable":true,"href":"https:\/\/przylep.edu.pl\/przedszkole\/wp-json\/wp\/v2\/comments?post=10124"}],"version-history":[{"count":1,"href":"https:\/\/przylep.edu.pl\/przedszkole\/wp-json\/wp\/v2\/posts\/10124\/revisions"}],"predecessor-version":[{"id":10129,"href":"https:\/\/przylep.edu.pl\/przedszkole\/wp-json\/wp\/v2\/posts\/10124\/revisions\/10129"}],"wp:featuredmedia":[{"embeddable":true,"href":"https:\/\/przylep.edu.pl\/przedszkole\/wp-json\/wp\/v2\/media\/10128"}],"wp:attachment":[{"href":"https:\/\/przylep.edu.pl\/przedszkole\/wp-json\/wp\/v2\/media?parent=10124"}],"wp:term":[{"taxonomy":"category","embeddable":true,"href":"https:\/\/przylep.edu.pl\/przedszkole\/wp-json\/wp\/v2\/categories?post=10124"},{"taxonomy":"post_tag","embeddable":true,"href":"https:\/\/przylep.edu.pl\/przedszkole\/wp-json\/wp\/v2\/tags?post=10124"}],"curies":[{"name":"wp","href":"https:\/\/api.w.org\/{rel}","templated":true}]}}