{"id":10085,"date":"2024-03-24T19:52:28","date_gmt":"2024-03-24T18:52:28","guid":{"rendered":"https:\/\/przylep.edu.pl\/przedszkole\/?p=10085"},"modified":"2024-03-24T19:52:29","modified_gmt":"2024-03-24T18:52:29","slug":"wiosenny-ogrodeczek-w-grupie-pomaranczowej","status":"publish","type":"post","link":"https:\/\/przylep.edu.pl\/przedszkole\/2024\/03\/24\/wiosenny-ogrodeczek-w-grupie-pomaranczowej\/","title":{"rendered":"Wiosenny ogr\u00f3deczek w grupie pomara\u0144czowej"},"content":{"rendered":"\n<p>Wiosna kojarzy si\u0119 przede wszystkim z nowalijkami. Z pewno\u015bci\u0105 ka\u017cdy wie, jak doskonale smakuje kanapka z m\u0142od\u0105 sa\u0142at\u0105 czy rzodkiewk\u0105. Oczywi\u015bcie, nie mo\u017cna r\u00f3wnie\u017c zapomnie\u0107 o szczypiorku. Maj\u0105c tego \u015bwiadomo\u015b\u0107, dzieci z grupy pomara\u0144czowej posadzi\u0142y cebulki, z kt\u00f3rych ju\u017c nied\u0142ugo wyro\u015bnie pi\u0119kny i smaczny szczypiorek. Dzieci samodzielnie piel\u0119gnuj\u0105 ro\u015bliny. Maj\u0105 r\u00f3wnie\u017c okazj\u0119 obserwowa\u0107 ka\u017cde stadium wzrostu szczypiorku oraz zmieniaj\u0105c\u0105 si\u0119 gleb\u0119. Szczypiorek, kt\u00f3ry ju\u017c nied\u0142ugo wyro\u015bnie, z pewno\u015bci\u0105 trafi na kanapki, kt\u00f3re dzieci z grupy pomara\u0144czowej zjedz\u0105 z wielkim apetytem.<\/p>\n\n\n\n<figure class=\"wp-block-gallery has-nested-images columns-default is-cropped wp-block-gallery-1 is-layout-flex wp-block-gallery-is-layout-flex\">\n<figure class=\"wp-block-image size-large\"><img loading=\"lazy\" decoding=\"async\" width=\"1024\" height=\"768\" data-id=\"10088\" src=\"https:\/\/przylep.edu.pl\/przedszkole\/wp-content\/uploads\/2024\/03\/6a23283b-ad38-45a7-804e-bc2567438a34-1-1024x768.jpg\" alt=\"\" class=\"wp-image-10088\" srcset=\"https:\/\/przylep.edu.pl\/przedszkole\/wp-content\/uploads\/2024\/03\/6a23283b-ad38-45a7-804e-bc2567438a34-1-1024x768.jpg 1024w, https:\/\/przylep.edu.pl\/przedszkole\/wp-content\/uploads\/2024\/03\/6a23283b-ad38-45a7-804e-bc2567438a34-1-300x225.jpg 300w, https:\/\/przylep.edu.pl\/przedszkole\/wp-content\/uploads\/2024\/03\/6a23283b-ad38-45a7-804e-bc2567438a34-1-768x576.jpg 768w, https:\/\/przylep.edu.pl\/przedszkole\/wp-content\/uploads\/2024\/03\/6a23283b-ad38-45a7-804e-bc2567438a34-1-1536x1152.jpg 1536w, https:\/\/przylep.edu.pl\/przedszkole\/wp-content\/uploads\/2024\/03\/6a23283b-ad38-45a7-804e-bc2567438a34-1-600x450.jpg 600w, https:\/\/przylep.edu.pl\/przedszkole\/wp-content\/uploads\/2024\/03\/6a23283b-ad38-45a7-804e-bc2567438a34-1.jpg 2048w\" sizes=\"auto, (max-width: 1024px) 100vw, 1024px\" \/><\/figure>\n\n\n\n<figure class=\"wp-block-image size-large\"><img loading=\"lazy\" decoding=\"async\" width=\"768\" height=\"1024\" data-id=\"10089\" src=\"https:\/\/przylep.edu.pl\/przedszkole\/wp-content\/uploads\/2024\/03\/d3c4431d-d0cf-4e57-8638-1a79bf07c253-1-768x1024.jpg\" alt=\"\" class=\"wp-image-10089\" srcset=\"https:\/\/przylep.edu.pl\/przedszkole\/wp-content\/uploads\/2024\/03\/d3c4431d-d0cf-4e57-8638-1a79bf07c253-1-768x1024.jpg 768w, https:\/\/przylep.edu.pl\/przedszkole\/wp-content\/uploads\/2024\/03\/d3c4431d-d0cf-4e57-8638-1a79bf07c253-1-225x300.jpg 225w, https:\/\/przylep.edu.pl\/przedszkole\/wp-content\/uploads\/2024\/03\/d3c4431d-d0cf-4e57-8638-1a79bf07c253-1-1152x1536.jpg 1152w, https:\/\/przylep.edu.pl\/przedszkole\/wp-content\/uploads\/2024\/03\/d3c4431d-d0cf-4e57-8638-1a79bf07c253-1.jpg 1536w\" sizes=\"auto, (max-width: 768px) 100vw, 768px\" \/><\/figure>\n<\/figure>\n","protected":false},"excerpt":{"rendered":"<p>Wiosna kojarzy si\u0119 przede wszystkim z nowalijkami. Z pewno\u015bci\u0105 ka\u017cdy wie, jak doskonale smakuje kanapka z m\u0142od\u0105 sa\u0142at\u0105 czy rzodkiewk\u0105. Oczywi\u015bcie, nie mo\u017cna r\u00f3wnie\u017c zapomnie\u0107 o szczypiorku. Maj\u0105c tego \u015bwiadomo\u015b\u0107, dzieci z grupy pomara\u0144czowej posadzi\u0142y cebulki, z kt\u00f3rych ju\u017c nied\u0142ugo wyro\u015bnie pi\u0119kny i smaczny szczypiorek. Dzieci samodzielnie piel\u0119gnuj\u0105 ro\u015bliny. Maj\u0105 r\u00f3wnie\u017c okazj\u0119 obserwowa\u0107 ka\u017cde stadium [&hellip;]<\/p>\n","protected":false},"author":2,"featured_media":10090,"comment_status":"closed","ping_status":"open","sticky":false,"template":"","format":"standard","meta":{"footnotes":""},"categories":[45,41,40],"tags":[],"class_list":["post-10085","post","type-post","status-publish","format-standard","has-post-thumbnail","hentry","category-aktualnosci","category-galerie","category-strona-glowna"],"_links":{"self":[{"href":"https:\/\/przylep.edu.pl\/przedszkole\/wp-json\/wp\/v2\/posts\/10085","targetHints":{"allow":["GET"]}}],"collection":[{"href":"https:\/\/przylep.edu.pl\/przedszkole\/wp-json\/wp\/v2\/posts"}],"about":[{"href":"https:\/\/przylep.edu.pl\/przedszkole\/wp-json\/wp\/v2\/types\/post"}],"author":[{"embeddable":true,"href":"https:\/\/przylep.edu.pl\/przedszkole\/wp-json\/wp\/v2\/users\/2"}],"replies":[{"embeddable":true,"href":"https:\/\/przylep.edu.pl\/przedszkole\/wp-json\/wp\/v2\/comments?post=10085"}],"version-history":[{"count":1,"href":"https:\/\/przylep.edu.pl\/przedszkole\/wp-json\/wp\/v2\/posts\/10085\/revisions"}],"predecessor-version":[{"id":10091,"href":"https:\/\/przylep.edu.pl\/przedszkole\/wp-json\/wp\/v2\/posts\/10085\/revisions\/10091"}],"wp:featuredmedia":[{"embeddable":true,"href":"https:\/\/przylep.edu.pl\/przedszkole\/wp-json\/wp\/v2\/media\/10090"}],"wp:attachment":[{"href":"https:\/\/przylep.edu.pl\/przedszkole\/wp-json\/wp\/v2\/media?parent=10085"}],"wp:term":[{"taxonomy":"category","embeddable":true,"href":"https:\/\/przylep.edu.pl\/przedszkole\/wp-json\/wp\/v2\/categories?post=10085"},{"taxonomy":"post_tag","embeddable":true,"href":"https:\/\/przylep.edu.pl\/przedszkole\/wp-json\/wp\/v2\/tags?post=10085"}],"curies":[{"name":"wp","href":"https:\/\/api.w.org\/{rel}","templated":true}]}}