{"id":10077,"date":"2024-03-21T11:18:34","date_gmt":"2024-03-21T10:18:34","guid":{"rendered":"https:\/\/przylep.edu.pl\/przedszkole\/?p=10077"},"modified":"2024-03-27T10:41:03","modified_gmt":"2024-03-27T09:41:03","slug":"obchody-dnia-sw-patryka-w-szkole-podstawowej","status":"publish","type":"post","link":"https:\/\/przylep.edu.pl\/przedszkole\/2024\/03\/21\/obchody-dnia-sw-patryka-w-szkole-podstawowej\/","title":{"rendered":"Obchody Dnia \u015bw. Patryka w Szkole Podstawowej"},"content":{"rendered":"\n<p>18 marca z okazji Dnia \u015bw Patryka uczniowie i nauczyciele w naszej szkole zata\u0144czyli wsp\u00f3lnie taniec irlandzki na sali gimnastycznej. Ubrani na zielono pokazali\u015bmy, \u017ce nie obcy nam jest ten hucznie  celebrowany na ca\u0142ym \u015bwiecie dzie\u0144, ani posta\u0107 \u015bw. Patryka, ani legendy i symbole irlandzkie, z kt\u00f3rymi uczniowie mieli okazj\u0119 zapozna\u0107 si\u0119 wcze\u015bniej na lekcjach j\u0119zyka angielskiego.<\/p>\n\n\n\n<p><\/p>\n\n\n\n<figure class=\"wp-block-gallery has-nested-images columns-default is-cropped wp-block-gallery-1 is-layout-flex wp-block-gallery-is-layout-flex\">\n<figure class=\"wp-block-image size-large\"><img loading=\"lazy\" decoding=\"async\" width=\"1024\" height=\"438\" data-id=\"10078\" src=\"https:\/\/przylep.edu.pl\/przedszkole\/wp-content\/uploads\/2024\/03\/WhatsApp-Image-2024-03-18-at-13.22.25-1-1024x438.jpeg\" alt=\"\" class=\"wp-image-10078\" srcset=\"https:\/\/przylep.edu.pl\/przedszkole\/wp-content\/uploads\/2024\/03\/WhatsApp-Image-2024-03-18-at-13.22.25-1-1024x438.jpeg 1024w, https:\/\/przylep.edu.pl\/przedszkole\/wp-content\/uploads\/2024\/03\/WhatsApp-Image-2024-03-18-at-13.22.25-1-300x128.jpeg 300w, https:\/\/przylep.edu.pl\/przedszkole\/wp-content\/uploads\/2024\/03\/WhatsApp-Image-2024-03-18-at-13.22.25-1-768x329.jpeg 768w, https:\/\/przylep.edu.pl\/przedszkole\/wp-content\/uploads\/2024\/03\/WhatsApp-Image-2024-03-18-at-13.22.25-1-1536x658.jpeg 1536w, https:\/\/przylep.edu.pl\/przedszkole\/wp-content\/uploads\/2024\/03\/WhatsApp-Image-2024-03-18-at-13.22.25-1.jpeg 1600w\" sizes=\"auto, (max-width: 1024px) 100vw, 1024px\" \/><\/figure>\n<\/figure>\n\n\n\n<figure class=\"wp-block-gallery has-nested-images columns-default is-cropped wp-block-gallery-2 is-layout-flex wp-block-gallery-is-layout-flex\">\n<figure class=\"wp-block-image size-large\"><img loading=\"lazy\" decoding=\"async\" width=\"1024\" height=\"438\" data-id=\"10079\" src=\"https:\/\/przylep.edu.pl\/przedszkole\/wp-content\/uploads\/2024\/03\/WhatsApp-Image-2024-03-18-at-13.22.25-2-1024x438.jpeg\" alt=\"\" class=\"wp-image-10079\" srcset=\"https:\/\/przylep.edu.pl\/przedszkole\/wp-content\/uploads\/2024\/03\/WhatsApp-Image-2024-03-18-at-13.22.25-2-1024x438.jpeg 1024w, https:\/\/przylep.edu.pl\/przedszkole\/wp-content\/uploads\/2024\/03\/WhatsApp-Image-2024-03-18-at-13.22.25-2-300x128.jpeg 300w, https:\/\/przylep.edu.pl\/przedszkole\/wp-content\/uploads\/2024\/03\/WhatsApp-Image-2024-03-18-at-13.22.25-2-768x329.jpeg 768w, https:\/\/przylep.edu.pl\/przedszkole\/wp-content\/uploads\/2024\/03\/WhatsApp-Image-2024-03-18-at-13.22.25-2-1536x658.jpeg 1536w, https:\/\/przylep.edu.pl\/przedszkole\/wp-content\/uploads\/2024\/03\/WhatsApp-Image-2024-03-18-at-13.22.25-2.jpeg 1600w\" sizes=\"auto, (max-width: 1024px) 100vw, 1024px\" \/><\/figure>\n<\/figure>\n\n\n\n<figure class=\"wp-block-gallery has-nested-images columns-default is-cropped wp-block-gallery-3 is-layout-flex wp-block-gallery-is-layout-flex\">\n<figure class=\"wp-block-image size-large\"><img loading=\"lazy\" decoding=\"async\" width=\"1024\" height=\"438\" data-id=\"10080\" src=\"https:\/\/przylep.edu.pl\/przedszkole\/wp-content\/uploads\/2024\/03\/WhatsApp-Image-2024-03-18-at-13.22.25-1024x438.jpeg\" alt=\"\" class=\"wp-image-10080\" srcset=\"https:\/\/przylep.edu.pl\/przedszkole\/wp-content\/uploads\/2024\/03\/WhatsApp-Image-2024-03-18-at-13.22.25-1024x438.jpeg 1024w, https:\/\/przylep.edu.pl\/przedszkole\/wp-content\/uploads\/2024\/03\/WhatsApp-Image-2024-03-18-at-13.22.25-300x128.jpeg 300w, https:\/\/przylep.edu.pl\/przedszkole\/wp-content\/uploads\/2024\/03\/WhatsApp-Image-2024-03-18-at-13.22.25-768x329.jpeg 768w, https:\/\/przylep.edu.pl\/przedszkole\/wp-content\/uploads\/2024\/03\/WhatsApp-Image-2024-03-18-at-13.22.25-1536x658.jpeg 1536w, https:\/\/przylep.edu.pl\/przedszkole\/wp-content\/uploads\/2024\/03\/WhatsApp-Image-2024-03-18-at-13.22.25.jpeg 1600w\" sizes=\"auto, (max-width: 1024px) 100vw, 1024px\" \/><\/figure>\n<\/figure>\n\n\n\n<figure class=\"wp-block-gallery has-nested-images columns-default is-cropped wp-block-gallery-4 is-layout-flex wp-block-gallery-is-layout-flex\">\n<figure class=\"wp-block-image size-large\"><img loading=\"lazy\" decoding=\"async\" width=\"1024\" height=\"438\" data-id=\"10081\" src=\"https:\/\/przylep.edu.pl\/przedszkole\/wp-content\/uploads\/2024\/03\/WhatsApp-Image-2024-03-18-at-13.22.26-1-1024x438.jpeg\" alt=\"\" class=\"wp-image-10081\" srcset=\"https:\/\/przylep.edu.pl\/przedszkole\/wp-content\/uploads\/2024\/03\/WhatsApp-Image-2024-03-18-at-13.22.26-1-1024x438.jpeg 1024w, https:\/\/przylep.edu.pl\/przedszkole\/wp-content\/uploads\/2024\/03\/WhatsApp-Image-2024-03-18-at-13.22.26-1-300x128.jpeg 300w, https:\/\/przylep.edu.pl\/przedszkole\/wp-content\/uploads\/2024\/03\/WhatsApp-Image-2024-03-18-at-13.22.26-1-768x329.jpeg 768w, https:\/\/przylep.edu.pl\/przedszkole\/wp-content\/uploads\/2024\/03\/WhatsApp-Image-2024-03-18-at-13.22.26-1-1536x658.jpeg 1536w, https:\/\/przylep.edu.pl\/przedszkole\/wp-content\/uploads\/2024\/03\/WhatsApp-Image-2024-03-18-at-13.22.26-1.jpeg 1600w\" sizes=\"auto, (max-width: 1024px) 100vw, 1024px\" \/><\/figure>\n<\/figure>\n\n\n\n<figure class=\"wp-block-gallery has-nested-images columns-default is-cropped wp-block-gallery-5 is-layout-flex wp-block-gallery-is-layout-flex\">\n<figure class=\"wp-block-image size-large\"><img loading=\"lazy\" decoding=\"async\" width=\"1024\" height=\"438\" data-id=\"10082\" src=\"https:\/\/przylep.edu.pl\/przedszkole\/wp-content\/uploads\/2024\/03\/WhatsApp-Image-2024-03-18-at-13.22.26-1024x438.jpeg\" alt=\"\" class=\"wp-image-10082\" srcset=\"https:\/\/przylep.edu.pl\/przedszkole\/wp-content\/uploads\/2024\/03\/WhatsApp-Image-2024-03-18-at-13.22.26-1024x438.jpeg 1024w, https:\/\/przylep.edu.pl\/przedszkole\/wp-content\/uploads\/2024\/03\/WhatsApp-Image-2024-03-18-at-13.22.26-300x128.jpeg 300w, https:\/\/przylep.edu.pl\/przedszkole\/wp-content\/uploads\/2024\/03\/WhatsApp-Image-2024-03-18-at-13.22.26-768x329.jpeg 768w, https:\/\/przylep.edu.pl\/przedszkole\/wp-content\/uploads\/2024\/03\/WhatsApp-Image-2024-03-18-at-13.22.26-1536x658.jpeg 1536w, https:\/\/przylep.edu.pl\/przedszkole\/wp-content\/uploads\/2024\/03\/WhatsApp-Image-2024-03-18-at-13.22.26.jpeg 1600w\" sizes=\"auto, (max-width: 1024px) 100vw, 1024px\" \/><\/figure>\n<\/figure>\n","protected":false},"excerpt":{"rendered":"<p>18 marca z okazji Dnia \u015bw Patryka uczniowie i nauczyciele w naszej szkole zata\u0144czyli wsp\u00f3lnie taniec irlandzki na sali gimnastycznej. Ubrani na zielono pokazali\u015bmy, \u017ce nie obcy nam jest ten hucznie celebrowany na ca\u0142ym \u015bwiecie dzie\u0144, ani posta\u0107 \u015bw. Patryka, ani legendy i symbole irlandzkie, z kt\u00f3rymi uczniowie mieli okazj\u0119 zapozna\u0107 si\u0119 wcze\u015bniej na lekcjach [&hellip;]<\/p>\n","protected":false},"author":2,"featured_media":10083,"comment_status":"closed","ping_status":"open","sticky":false,"template":"","format":"standard","meta":{"footnotes":""},"categories":[45,41,40],"tags":[],"class_list":["post-10077","post","type-post","status-publish","format-standard","has-post-thumbnail","hentry","category-aktualnosci","category-galerie","category-strona-glowna"],"_links":{"self":[{"href":"https:\/\/przylep.edu.pl\/przedszkole\/wp-json\/wp\/v2\/posts\/10077","targetHints":{"allow":["GET"]}}],"collection":[{"href":"https:\/\/przylep.edu.pl\/przedszkole\/wp-json\/wp\/v2\/posts"}],"about":[{"href":"https:\/\/przylep.edu.pl\/przedszkole\/wp-json\/wp\/v2\/types\/post"}],"author":[{"embeddable":true,"href":"https:\/\/przylep.edu.pl\/przedszkole\/wp-json\/wp\/v2\/users\/2"}],"replies":[{"embeddable":true,"href":"https:\/\/przylep.edu.pl\/przedszkole\/wp-json\/wp\/v2\/comments?post=10077"}],"version-history":[{"count":1,"href":"https:\/\/przylep.edu.pl\/przedszkole\/wp-json\/wp\/v2\/posts\/10077\/revisions"}],"predecessor-version":[{"id":10084,"href":"https:\/\/przylep.edu.pl\/przedszkole\/wp-json\/wp\/v2\/posts\/10077\/revisions\/10084"}],"wp:featuredmedia":[{"embeddable":true,"href":"https:\/\/przylep.edu.pl\/przedszkole\/wp-json\/wp\/v2\/media\/10083"}],"wp:attachment":[{"href":"https:\/\/przylep.edu.pl\/przedszkole\/wp-json\/wp\/v2\/media?parent=10077"}],"wp:term":[{"taxonomy":"category","embeddable":true,"href":"https:\/\/przylep.edu.pl\/przedszkole\/wp-json\/wp\/v2\/categories?post=10077"},{"taxonomy":"post_tag","embeddable":true,"href":"https:\/\/przylep.edu.pl\/przedszkole\/wp-json\/wp\/v2\/tags?post=10077"}],"curies":[{"name":"wp","href":"https:\/\/api.w.org\/{rel}","templated":true}]}}