{"id":10032,"date":"2024-03-21T09:54:46","date_gmt":"2024-03-21T08:54:46","guid":{"rendered":"https:\/\/przylep.edu.pl\/przedszkole\/?p=10032"},"modified":"2024-03-27T10:42:57","modified_gmt":"2024-03-27T09:42:57","slug":"warsztaty-ceramiczne-cz-2","status":"publish","type":"post","link":"https:\/\/przylep.edu.pl\/przedszkole\/2024\/03\/21\/warsztaty-ceramiczne-cz-2\/","title":{"rendered":"Warsztaty ceramiczne cz. 2"},"content":{"rendered":"\n<p>Min\u0105\u0142 tydzie\u0144. P. Basia przywioz\u0142a wysuszone formy ceramiczne, kt\u00f3re 13 \u2013 14.12.2023r. pomalowali\u015bmy wg podanej instrukcji. W\u0142asnor\u0119cznie wykonane prace ozdobi\u0105 nasze domy.<\/p>\n\n\n\n<p>Nowe do\u015bwiadczenie wymaga\u0142o skupienia, spokoju i wytrwa\u0142o\u015bci.<\/p>\n\n\n\n<figure class=\"wp-block-gallery has-nested-images columns-default is-cropped wp-block-gallery-1 is-layout-flex wp-block-gallery-is-layout-flex\">\n<figure class=\"wp-block-image size-large\"><img loading=\"lazy\" decoding=\"async\" width=\"576\" height=\"1024\" data-id=\"10033\" src=\"https:\/\/przylep.edu.pl\/przedszkole\/wp-content\/uploads\/2024\/03\/423735821_973505634296675_9216455521478980598_n-576x1024.jpg\" alt=\"\" class=\"wp-image-10033\" srcset=\"https:\/\/przylep.edu.pl\/przedszkole\/wp-content\/uploads\/2024\/03\/423735821_973505634296675_9216455521478980598_n-576x1024.jpg 576w, https:\/\/przylep.edu.pl\/przedszkole\/wp-content\/uploads\/2024\/03\/423735821_973505634296675_9216455521478980598_n-169x300.jpg 169w, https:\/\/przylep.edu.pl\/przedszkole\/wp-content\/uploads\/2024\/03\/423735821_973505634296675_9216455521478980598_n-768x1365.jpg 768w, https:\/\/przylep.edu.pl\/przedszkole\/wp-content\/uploads\/2024\/03\/423735821_973505634296675_9216455521478980598_n-864x1536.jpg 864w, https:\/\/przylep.edu.pl\/przedszkole\/wp-content\/uploads\/2024\/03\/423735821_973505634296675_9216455521478980598_n.jpg 1080w\" sizes=\"auto, (max-width: 576px) 100vw, 576px\" \/><\/figure>\n\n\n\n<figure class=\"wp-block-image size-large\"><img loading=\"lazy\" decoding=\"async\" width=\"1024\" height=\"439\" data-id=\"10034\" src=\"https:\/\/przylep.edu.pl\/przedszkole\/wp-content\/uploads\/2024\/03\/423737718_1875870349496464_7219011275723892975_n-1024x439.jpg\" alt=\"\" class=\"wp-image-10034\" srcset=\"https:\/\/przylep.edu.pl\/przedszkole\/wp-content\/uploads\/2024\/03\/423737718_1875870349496464_7219011275723892975_n-1024x439.jpg 1024w, https:\/\/przylep.edu.pl\/przedszkole\/wp-content\/uploads\/2024\/03\/423737718_1875870349496464_7219011275723892975_n-300x128.jpg 300w, https:\/\/przylep.edu.pl\/przedszkole\/wp-content\/uploads\/2024\/03\/423737718_1875870349496464_7219011275723892975_n-768x329.jpg 768w, https:\/\/przylep.edu.pl\/przedszkole\/wp-content\/uploads\/2024\/03\/423737718_1875870349496464_7219011275723892975_n-1536x658.jpg 1536w, https:\/\/przylep.edu.pl\/przedszkole\/wp-content\/uploads\/2024\/03\/423737718_1875870349496464_7219011275723892975_n.jpg 2048w\" sizes=\"auto, (max-width: 1024px) 100vw, 1024px\" \/><\/figure>\n\n\n\n<figure class=\"wp-block-image size-large\"><img loading=\"lazy\" decoding=\"async\" width=\"1024\" height=\"1024\" data-id=\"10035\" src=\"https:\/\/przylep.edu.pl\/przedszkole\/wp-content\/uploads\/2024\/03\/423737942_731902069080676_2774586151968113906_n-1024x1024.jpg\" alt=\"\" class=\"wp-image-10035\" srcset=\"https:\/\/przylep.edu.pl\/przedszkole\/wp-content\/uploads\/2024\/03\/423737942_731902069080676_2774586151968113906_n-1024x1024.jpg 1024w, https:\/\/przylep.edu.pl\/przedszkole\/wp-content\/uploads\/2024\/03\/423737942_731902069080676_2774586151968113906_n-300x300.jpg 300w, https:\/\/przylep.edu.pl\/przedszkole\/wp-content\/uploads\/2024\/03\/423737942_731902069080676_2774586151968113906_n-150x150.jpg 150w, https:\/\/przylep.edu.pl\/przedszkole\/wp-content\/uploads\/2024\/03\/423737942_731902069080676_2774586151968113906_n-768x767.jpg 768w, https:\/\/przylep.edu.pl\/przedszkole\/wp-content\/uploads\/2024\/03\/423737942_731902069080676_2774586151968113906_n-600x600.jpg 600w, https:\/\/przylep.edu.pl\/przedszkole\/wp-content\/uploads\/2024\/03\/423737942_731902069080676_2774586151968113906_n.jpg 1169w\" sizes=\"auto, (max-width: 1024px) 100vw, 1024px\" \/><\/figure>\n\n\n\n<figure class=\"wp-block-image size-large\"><img loading=\"lazy\" decoding=\"async\" width=\"1024\" height=\"1024\" data-id=\"10036\" src=\"https:\/\/przylep.edu.pl\/przedszkole\/wp-content\/uploads\/2024\/03\/423737947_1813321709178195_1889426906694134986_n-1024x1024.jpg\" alt=\"\" class=\"wp-image-10036\" srcset=\"https:\/\/przylep.edu.pl\/przedszkole\/wp-content\/uploads\/2024\/03\/423737947_1813321709178195_1889426906694134986_n-1024x1024.jpg 1024w, https:\/\/przylep.edu.pl\/przedszkole\/wp-content\/uploads\/2024\/03\/423737947_1813321709178195_1889426906694134986_n-300x300.jpg 300w, https:\/\/przylep.edu.pl\/przedszkole\/wp-content\/uploads\/2024\/03\/423737947_1813321709178195_1889426906694134986_n-150x150.jpg 150w, https:\/\/przylep.edu.pl\/przedszkole\/wp-content\/uploads\/2024\/03\/423737947_1813321709178195_1889426906694134986_n-768x768.jpg 768w, https:\/\/przylep.edu.pl\/przedszkole\/wp-content\/uploads\/2024\/03\/423737947_1813321709178195_1889426906694134986_n-1536x1536.jpg 1536w, https:\/\/przylep.edu.pl\/przedszkole\/wp-content\/uploads\/2024\/03\/423737947_1813321709178195_1889426906694134986_n-600x600.jpg 600w, https:\/\/przylep.edu.pl\/przedszkole\/wp-content\/uploads\/2024\/03\/423737947_1813321709178195_1889426906694134986_n.jpg 2048w\" sizes=\"auto, (max-width: 1024px) 100vw, 1024px\" \/><\/figure>\n<\/figure>\n","protected":false},"excerpt":{"rendered":"<p>Min\u0105\u0142 tydzie\u0144. P. Basia przywioz\u0142a wysuszone formy ceramiczne, kt\u00f3re 13 \u2013 14.12.2023r. pomalowali\u015bmy wg podanej instrukcji. W\u0142asnor\u0119cznie wykonane prace ozdobi\u0105 nasze domy. Nowe do\u015bwiadczenie wymaga\u0142o skupienia, spokoju i wytrwa\u0142o\u015bci.<\/p>\n","protected":false},"author":2,"featured_media":10034,"comment_status":"closed","ping_status":"open","sticky":false,"template":"","format":"standard","meta":{"footnotes":""},"categories":[45,41,40],"tags":[],"class_list":["post-10032","post","type-post","status-publish","format-standard","has-post-thumbnail","hentry","category-aktualnosci","category-galerie","category-strona-glowna"],"_links":{"self":[{"href":"https:\/\/przylep.edu.pl\/przedszkole\/wp-json\/wp\/v2\/posts\/10032","targetHints":{"allow":["GET"]}}],"collection":[{"href":"https:\/\/przylep.edu.pl\/przedszkole\/wp-json\/wp\/v2\/posts"}],"about":[{"href":"https:\/\/przylep.edu.pl\/przedszkole\/wp-json\/wp\/v2\/types\/post"}],"author":[{"embeddable":true,"href":"https:\/\/przylep.edu.pl\/przedszkole\/wp-json\/wp\/v2\/users\/2"}],"replies":[{"embeddable":true,"href":"https:\/\/przylep.edu.pl\/przedszkole\/wp-json\/wp\/v2\/comments?post=10032"}],"version-history":[{"count":1,"href":"https:\/\/przylep.edu.pl\/przedszkole\/wp-json\/wp\/v2\/posts\/10032\/revisions"}],"predecessor-version":[{"id":10037,"href":"https:\/\/przylep.edu.pl\/przedszkole\/wp-json\/wp\/v2\/posts\/10032\/revisions\/10037"}],"wp:featuredmedia":[{"embeddable":true,"href":"https:\/\/przylep.edu.pl\/przedszkole\/wp-json\/wp\/v2\/media\/10034"}],"wp:attachment":[{"href":"https:\/\/przylep.edu.pl\/przedszkole\/wp-json\/wp\/v2\/media?parent=10032"}],"wp:term":[{"taxonomy":"category","embeddable":true,"href":"https:\/\/przylep.edu.pl\/przedszkole\/wp-json\/wp\/v2\/categories?post=10032"},{"taxonomy":"post_tag","embeddable":true,"href":"https:\/\/przylep.edu.pl\/przedszkole\/wp-json\/wp\/v2\/tags?post=10032"}],"curies":[{"name":"wp","href":"https:\/\/api.w.org\/{rel}","templated":true}]}}