{"id":10000,"date":"2024-03-17T11:52:02","date_gmt":"2024-03-17T10:52:02","guid":{"rendered":"https:\/\/przylep.edu.pl\/przedszkole\/?p=10000"},"modified":"2024-03-17T11:52:04","modified_gmt":"2024-03-17T10:52:04","slug":"warsztaty-o-emocjach-w-przedszkolu","status":"publish","type":"post","link":"https:\/\/przylep.edu.pl\/przedszkole\/2024\/03\/17\/warsztaty-o-emocjach-w-przedszkolu\/","title":{"rendered":"Warsztaty o emocjach w przedszkolu"},"content":{"rendered":"\n<p> Dziecko przygotowane do rozpocz\u0119cia nauki w klasie pierwszej powinno osi\u0105gn\u0105\u0107 dojrza\u0142o\u015b\u0107 do uczenia si\u0119 czytania, pisania, a tak\u017ce dojrza\u0142o\u015b\u0107 do uczenia si\u0119 matematyki. Jednak to zdecydowanie za ma\u0142o. Obok dojrza\u0142o\u015bci wolicjonalnej, fizycznej, umys\u0142owej i spo\u0142ecznej, dojrza\u0142o\u015b\u0107 emocjonalna jest jednym z najwa\u017cniejszych element\u00f3w gotowo\u015bci szkolnej. <\/p>\n\n\n\n<p>W poniedzia\u0142ek najstarsze grupy przedszkolne (grupa \u017c\u00f3\u0142ta i niebieskie) uczestniczy\u0142y w zaj\u0119ciach prowadzonych przez psychologa nt. emocji oraz granic. Dzieci dowiedzia\u0142y si\u0119, \u017ce emocje pozytywne i negatywne mog\u0105 by\u0107 inaczej odbierane przez r\u00f3\u017cne osoby. Nie ka\u017cdy mo\u017ce lubi\u0107 przytulanie, nie ka\u017cde przezwisko mo\u017ce by\u0107 niemile. Najwa\u017cniejsze jest m\u00f3wienie innym, co czujemy i czego oczekujemy, a wtedy \u0142atwiej b\u0119dzie radzi\u0107 sobie z emocjami.<\/p>\n\n\n\n<figure class=\"wp-block-gallery has-nested-images columns-default is-cropped wp-block-gallery-1 is-layout-flex wp-block-gallery-is-layout-flex\">\n<figure class=\"wp-block-image size-large\"><img loading=\"lazy\" decoding=\"async\" width=\"1024\" height=\"768\" data-id=\"10001\" src=\"https:\/\/przylep.edu.pl\/przedszkole\/wp-content\/uploads\/2024\/03\/36421c10-4b53-48db-aaf4-de021796a9a5-1024x768.jpg\" alt=\"\" class=\"wp-image-10001\" srcset=\"https:\/\/przylep.edu.pl\/przedszkole\/wp-content\/uploads\/2024\/03\/36421c10-4b53-48db-aaf4-de021796a9a5-1024x768.jpg 1024w, https:\/\/przylep.edu.pl\/przedszkole\/wp-content\/uploads\/2024\/03\/36421c10-4b53-48db-aaf4-de021796a9a5-300x225.jpg 300w, https:\/\/przylep.edu.pl\/przedszkole\/wp-content\/uploads\/2024\/03\/36421c10-4b53-48db-aaf4-de021796a9a5-768x576.jpg 768w, https:\/\/przylep.edu.pl\/przedszkole\/wp-content\/uploads\/2024\/03\/36421c10-4b53-48db-aaf4-de021796a9a5-1536x1152.jpg 1536w, https:\/\/przylep.edu.pl\/przedszkole\/wp-content\/uploads\/2024\/03\/36421c10-4b53-48db-aaf4-de021796a9a5-600x450.jpg 600w, https:\/\/przylep.edu.pl\/przedszkole\/wp-content\/uploads\/2024\/03\/36421c10-4b53-48db-aaf4-de021796a9a5.jpg 2048w\" sizes=\"auto, (max-width: 1024px) 100vw, 1024px\" \/><\/figure>\n<\/figure>\n\n\n\n<figure class=\"wp-block-gallery has-nested-images columns-default is-cropped wp-block-gallery-2 is-layout-flex wp-block-gallery-is-layout-flex\">\n<figure class=\"wp-block-image size-large\"><img loading=\"lazy\" decoding=\"async\" width=\"1024\" height=\"577\" data-id=\"10002\" src=\"https:\/\/przylep.edu.pl\/przedszkole\/wp-content\/uploads\/2024\/03\/ad88d7f6-f041-4d19-948d-b73a37662552-1024x577.jpg\" alt=\"\" class=\"wp-image-10002\" srcset=\"https:\/\/przylep.edu.pl\/przedszkole\/wp-content\/uploads\/2024\/03\/ad88d7f6-f041-4d19-948d-b73a37662552-1024x577.jpg 1024w, https:\/\/przylep.edu.pl\/przedszkole\/wp-content\/uploads\/2024\/03\/ad88d7f6-f041-4d19-948d-b73a37662552-300x169.jpg 300w, https:\/\/przylep.edu.pl\/przedszkole\/wp-content\/uploads\/2024\/03\/ad88d7f6-f041-4d19-948d-b73a37662552-768x432.jpg 768w, https:\/\/przylep.edu.pl\/przedszkole\/wp-content\/uploads\/2024\/03\/ad88d7f6-f041-4d19-948d-b73a37662552-1536x865.jpg 1536w, https:\/\/przylep.edu.pl\/przedszkole\/wp-content\/uploads\/2024\/03\/ad88d7f6-f041-4d19-948d-b73a37662552.jpg 2000w\" sizes=\"auto, (max-width: 1024px) 100vw, 1024px\" \/><\/figure>\n<\/figure>\n\n\n\n<figure class=\"wp-block-gallery has-nested-images columns-default is-cropped wp-block-gallery-3 is-layout-flex wp-block-gallery-is-layout-flex\">\n<figure class=\"wp-block-image size-large\"><img loading=\"lazy\" decoding=\"async\" width=\"768\" height=\"1024\" data-id=\"10004\" src=\"https:\/\/przylep.edu.pl\/przedszkole\/wp-content\/uploads\/2024\/03\/eba7870a-6f4a-430a-89c0-15779aa91381-768x1024.jpg\" alt=\"\" class=\"wp-image-10004\" srcset=\"https:\/\/przylep.edu.pl\/przedszkole\/wp-content\/uploads\/2024\/03\/eba7870a-6f4a-430a-89c0-15779aa91381-768x1024.jpg 768w, https:\/\/przylep.edu.pl\/przedszkole\/wp-content\/uploads\/2024\/03\/eba7870a-6f4a-430a-89c0-15779aa91381-225x300.jpg 225w, https:\/\/przylep.edu.pl\/przedszkole\/wp-content\/uploads\/2024\/03\/eba7870a-6f4a-430a-89c0-15779aa91381-1152x1536.jpg 1152w, https:\/\/przylep.edu.pl\/przedszkole\/wp-content\/uploads\/2024\/03\/eba7870a-6f4a-430a-89c0-15779aa91381.jpg 1536w\" sizes=\"auto, (max-width: 768px) 100vw, 768px\" \/><\/figure>\n\n\n\n<figure class=\"wp-block-image size-large\"><img loading=\"lazy\" decoding=\"async\" width=\"1024\" height=\"577\" data-id=\"10003\" src=\"https:\/\/przylep.edu.pl\/przedszkole\/wp-content\/uploads\/2024\/03\/f71724f2-1c11-4701-a191-1733026054a2-1024x577.jpg\" alt=\"\" class=\"wp-image-10003\" srcset=\"https:\/\/przylep.edu.pl\/przedszkole\/wp-content\/uploads\/2024\/03\/f71724f2-1c11-4701-a191-1733026054a2-1024x577.jpg 1024w, https:\/\/przylep.edu.pl\/przedszkole\/wp-content\/uploads\/2024\/03\/f71724f2-1c11-4701-a191-1733026054a2-300x169.jpg 300w, https:\/\/przylep.edu.pl\/przedszkole\/wp-content\/uploads\/2024\/03\/f71724f2-1c11-4701-a191-1733026054a2-768x432.jpg 768w, https:\/\/przylep.edu.pl\/przedszkole\/wp-content\/uploads\/2024\/03\/f71724f2-1c11-4701-a191-1733026054a2-1536x865.jpg 1536w, https:\/\/przylep.edu.pl\/przedszkole\/wp-content\/uploads\/2024\/03\/f71724f2-1c11-4701-a191-1733026054a2.jpg 2000w\" sizes=\"auto, (max-width: 1024px) 100vw, 1024px\" \/><\/figure>\n<\/figure>\n\n\n\n<figure class=\"wp-block-gallery has-nested-images columns-default is-cropped wp-block-gallery-4 is-layout-flex wp-block-gallery-is-layout-flex\">\n<figure class=\"wp-block-image size-large\"><img loading=\"lazy\" decoding=\"async\" width=\"1024\" height=\"768\" data-id=\"10006\" src=\"https:\/\/przylep.edu.pl\/przedszkole\/wp-content\/uploads\/2024\/03\/b56de90b-5bd7-43d0-9f17-284f573013ab-1024x768.jpg\" alt=\"\" class=\"wp-image-10006\" srcset=\"https:\/\/przylep.edu.pl\/przedszkole\/wp-content\/uploads\/2024\/03\/b56de90b-5bd7-43d0-9f17-284f573013ab-1024x768.jpg 1024w, https:\/\/przylep.edu.pl\/przedszkole\/wp-content\/uploads\/2024\/03\/b56de90b-5bd7-43d0-9f17-284f573013ab-300x225.jpg 300w, https:\/\/przylep.edu.pl\/przedszkole\/wp-content\/uploads\/2024\/03\/b56de90b-5bd7-43d0-9f17-284f573013ab-768x576.jpg 768w, https:\/\/przylep.edu.pl\/przedszkole\/wp-content\/uploads\/2024\/03\/b56de90b-5bd7-43d0-9f17-284f573013ab-1536x1152.jpg 1536w, https:\/\/przylep.edu.pl\/przedszkole\/wp-content\/uploads\/2024\/03\/b56de90b-5bd7-43d0-9f17-284f573013ab-600x450.jpg 600w, https:\/\/przylep.edu.pl\/przedszkole\/wp-content\/uploads\/2024\/03\/b56de90b-5bd7-43d0-9f17-284f573013ab.jpg 2048w\" sizes=\"auto, (max-width: 1024px) 100vw, 1024px\" \/><\/figure>\n\n\n\n<figure class=\"wp-block-image size-large\"><img loading=\"lazy\" decoding=\"async\" width=\"1024\" height=\"577\" data-id=\"10005\" src=\"https:\/\/przylep.edu.pl\/przedszkole\/wp-content\/uploads\/2024\/03\/da2bd438-6fa2-4cc6-8733-c035b218fd45-1024x577.jpg\" alt=\"\" class=\"wp-image-10005\" srcset=\"https:\/\/przylep.edu.pl\/przedszkole\/wp-content\/uploads\/2024\/03\/da2bd438-6fa2-4cc6-8733-c035b218fd45-1024x577.jpg 1024w, https:\/\/przylep.edu.pl\/przedszkole\/wp-content\/uploads\/2024\/03\/da2bd438-6fa2-4cc6-8733-c035b218fd45-300x169.jpg 300w, https:\/\/przylep.edu.pl\/przedszkole\/wp-content\/uploads\/2024\/03\/da2bd438-6fa2-4cc6-8733-c035b218fd45-768x432.jpg 768w, https:\/\/przylep.edu.pl\/przedszkole\/wp-content\/uploads\/2024\/03\/da2bd438-6fa2-4cc6-8733-c035b218fd45-1536x865.jpg 1536w, https:\/\/przylep.edu.pl\/przedszkole\/wp-content\/uploads\/2024\/03\/da2bd438-6fa2-4cc6-8733-c035b218fd45.jpg 2000w\" sizes=\"auto, (max-width: 1024px) 100vw, 1024px\" \/><\/figure>\n<\/figure>\n\n\n\n<figure class=\"wp-block-gallery has-nested-images columns-default is-cropped wp-block-gallery-5 is-layout-flex wp-block-gallery-is-layout-flex\">\n<figure class=\"wp-block-image size-large\"><img loading=\"lazy\" decoding=\"async\" width=\"1024\" height=\"768\" data-id=\"10007\" src=\"https:\/\/przylep.edu.pl\/przedszkole\/wp-content\/uploads\/2024\/03\/bd1a94d9-fb0d-4c93-8dbc-082a9558aaab-1024x768.jpg\" alt=\"\" class=\"wp-image-10007\" srcset=\"https:\/\/przylep.edu.pl\/przedszkole\/wp-content\/uploads\/2024\/03\/bd1a94d9-fb0d-4c93-8dbc-082a9558aaab-1024x768.jpg 1024w, https:\/\/przylep.edu.pl\/przedszkole\/wp-content\/uploads\/2024\/03\/bd1a94d9-fb0d-4c93-8dbc-082a9558aaab-300x225.jpg 300w, https:\/\/przylep.edu.pl\/przedszkole\/wp-content\/uploads\/2024\/03\/bd1a94d9-fb0d-4c93-8dbc-082a9558aaab-768x576.jpg 768w, https:\/\/przylep.edu.pl\/przedszkole\/wp-content\/uploads\/2024\/03\/bd1a94d9-fb0d-4c93-8dbc-082a9558aaab-1536x1152.jpg 1536w, https:\/\/przylep.edu.pl\/przedszkole\/wp-content\/uploads\/2024\/03\/bd1a94d9-fb0d-4c93-8dbc-082a9558aaab-600x450.jpg 600w, https:\/\/przylep.edu.pl\/przedszkole\/wp-content\/uploads\/2024\/03\/bd1a94d9-fb0d-4c93-8dbc-082a9558aaab.jpg 2048w\" sizes=\"auto, (max-width: 1024px) 100vw, 1024px\" \/><\/figure>\n<\/figure>\n","protected":false},"excerpt":{"rendered":"<p>Dziecko przygotowane do rozpocz\u0119cia nauki w klasie pierwszej powinno osi\u0105gn\u0105\u0107 dojrza\u0142o\u015b\u0107 do uczenia si\u0119 czytania, pisania, a tak\u017ce dojrza\u0142o\u015b\u0107 do uczenia si\u0119 matematyki. Jednak to zdecydowanie za ma\u0142o. Obok dojrza\u0142o\u015bci wolicjonalnej, fizycznej, umys\u0142owej i spo\u0142ecznej, dojrza\u0142o\u015b\u0107 emocjonalna jest jednym z najwa\u017cniejszych element\u00f3w gotowo\u015bci szkolnej. W poniedzia\u0142ek najstarsze grupy przedszkolne (grupa \u017c\u00f3\u0142ta i niebieskie) uczestniczy\u0142y w [&hellip;]<\/p>\n","protected":false},"author":2,"featured_media":10008,"comment_status":"closed","ping_status":"open","sticky":false,"template":"","format":"standard","meta":{"footnotes":""},"categories":[45,41,40],"tags":[],"class_list":["post-10000","post","type-post","status-publish","format-standard","has-post-thumbnail","hentry","category-aktualnosci","category-galerie","category-strona-glowna"],"_links":{"self":[{"href":"https:\/\/przylep.edu.pl\/przedszkole\/wp-json\/wp\/v2\/posts\/10000","targetHints":{"allow":["GET"]}}],"collection":[{"href":"https:\/\/przylep.edu.pl\/przedszkole\/wp-json\/wp\/v2\/posts"}],"about":[{"href":"https:\/\/przylep.edu.pl\/przedszkole\/wp-json\/wp\/v2\/types\/post"}],"author":[{"embeddable":true,"href":"https:\/\/przylep.edu.pl\/przedszkole\/wp-json\/wp\/v2\/users\/2"}],"replies":[{"embeddable":true,"href":"https:\/\/przylep.edu.pl\/przedszkole\/wp-json\/wp\/v2\/comments?post=10000"}],"version-history":[{"count":1,"href":"https:\/\/przylep.edu.pl\/przedszkole\/wp-json\/wp\/v2\/posts\/10000\/revisions"}],"predecessor-version":[{"id":10009,"href":"https:\/\/przylep.edu.pl\/przedszkole\/wp-json\/wp\/v2\/posts\/10000\/revisions\/10009"}],"wp:featuredmedia":[{"embeddable":true,"href":"https:\/\/przylep.edu.pl\/przedszkole\/wp-json\/wp\/v2\/media\/10008"}],"wp:attachment":[{"href":"https:\/\/przylep.edu.pl\/przedszkole\/wp-json\/wp\/v2\/media?parent=10000"}],"wp:term":[{"taxonomy":"category","embeddable":true,"href":"https:\/\/przylep.edu.pl\/przedszkole\/wp-json\/wp\/v2\/categories?post=10000"},{"taxonomy":"post_tag","embeddable":true,"href":"https:\/\/przylep.edu.pl\/przedszkole\/wp-json\/wp\/v2\/tags?post=10000"}],"curies":[{"name":"wp","href":"https:\/\/api.w.org\/{rel}","templated":true}]}}